{"id":70312,"date":"2020-10-04T19:53:31","date_gmt":"2020-10-04T22:53:31","guid":{"rendered":"http:\/\/portalcatolico.net\/portal\/?p=70312"},"modified":"2020-10-04T19:53:31","modified_gmt":"2020-10-04T22:53:31","slug":"o-papa-a-verdadeira-autoridade-e-servir-nao-explorar-os-outros","status":"publish","type":"post","link":"http:\/\/portalcatolico.net\/portal\/o-papa-a-verdadeira-autoridade-e-servir-nao-explorar-os-outros\/","title":{"rendered":"O Papa: a verdadeira autoridade \u00e9 servir, n\u00e3o explorar os outros"},"content":{"rendered":"<div class=\"article__subTitle\">&#8220;A autoridade \u00e9 um servi\u00e7o, e como tal deve ser exercida, para o bem de todos e para a difus\u00e3o do Evangelho. \u00c9 feio ver quando as pessoas com autoridade na Igreja buscam seus pr\u00f3prios interesses\u201d, disse Francisco no Angelus dominical.<\/div>\n<div>O Papa Francisco rezou a ora\u00e7\u00e3o mariana do Angelus deste domingo (04\/10), mem\u00f3ria de S\u00e3o Francisco de Assis, com os fi\u00e9is e peregrinos na Pra\u00e7a S\u00e3o Pedro, que participaram do encontro semanal com o Pont\u00edfice.<\/div>\n<div>&nbsp;<\/div>\n<div class=\"title__separator\">\n<p>No Evangelho deste domingo, prevendo a sua paix\u00e3o e morte, \u201cJesus conta a par\u00e1bola dos vinhateiros homicidas, para admoestar os chefes dos sacerdotes e os anci\u00e3os do povo que est\u00e3o prestes a tomar o caminho errado. Estes, de fato, t\u00eam m\u00e1s inten\u00e7\u00f5es em rela\u00e7\u00e3o a ele e procuram formas de elimin\u00e1-lo\u201d.<\/p>\n<p>\u201cA narra\u00e7\u00e3o aleg\u00f3rica descreve um patr\u00e3o que, depois de ter cuidado muito da sua vinha, tendo de partir a confia aos agricultores. Depois, no tempo da colheita, ele envia alguns servos para recolher os frutos; mas esses vinhateiros recebem os servos com bast\u00f5es e alguns at\u00e9 os matam\u201d, frisou o Papa. \u201cO patr\u00e3o envia outros servos, mais numerosos, mas eles recebem o mesmo tratamento. O \u00e1pice \u00e9 atingido quando o patr\u00e3o decide enviar o seu filho: os vinhateiros n\u00e3o o respeitam, pelo contr\u00e1rio, pensam que ao elimin\u00e1-lo poder\u00e3o tomar conta da vinha, e por isso o matam tamb\u00e9m\u201d. Francisco acrescentou:<\/p>\n<p><i>A imagem da vinha \u00e9 clara: representa o povo que o Senhor escolheu e formou com tanto cuidado e amor; os servos enviados pelo patr\u00e3o s\u00e3o os profetas, enviados por Deus, enquanto o filho \u00e9 a figura de Jesus. E tal como os profetas foram rejeitados, assim tamb\u00e9m Cristo foi rejeitado e morto.<\/i><\/p>\n<p>No final da narra\u00e7\u00e3o, Jesus pergunta aos chefes do povo: &#8220;Quando vier o dono da vinha, o que far\u00e1 ele a estes agricultores? E eles, tomados pela l\u00f3gica da narrativa, pronunciam eles mesmos a sua pr\u00f3pria condena\u00e7\u00e3o: o patr\u00e3o &#8211; dizem &#8211; castigar\u00e1 severamente os malvados e confiar\u00e1 a vinha &#8220;a outros agricultores, que lhe entregar\u00e3o os frutos no tempo certo&#8221;.<\/p>\n<p><strong>A autoridade \u00e9 um servi\u00e7o<\/strong><\/p>\n<p><i>Com esta par\u00e1bola muito dura, Jesus coloca os seus interlocutores diante de suas responsabilidades, e o faz com extrema clareza. Mas n\u00e3o pensemos que esta admoesta\u00e7\u00e3o vale apenas para aqueles que rejeitaram Jesus naquele momento. Vale para todos os tempos, tamb\u00e9m para o nosso. Ainda hoje Deus espera os frutos da sua vinha daqueles que enviou para trabalhar nela. Todos n\u00f3s.<\/i><\/p>\n<p>Segundo o Pont\u00edfice, \u201cem cada \u00e9poca, aqueles que t\u00eam autoridade, qualquer autoridade, mesmo na Igreja, no povo de Deus podem ser tentados a fazer o seu interesse em vez do interesse de Deus. E Jesus diz que a verdadeira autoridade \u00e9 quando se faz o servi\u00e7o, \u00e9 servir, e n\u00e3o explorar os outros. A vinha \u00e9 do Senhor, n\u00e3o nossa. A autoridade \u00e9 um servi\u00e7o, e como tal deve ser exercida, para o bem de todos e para a difus\u00e3o do Evangelho. \u00c9 feio ver quando as pessoas com autoridade na Igreja buscam seus pr\u00f3prios interesses\u201d.<\/p>\n<p><strong>Uma Igreja cada vez mais rica de frutos de santidade<\/strong><\/p>\n<p>Francisco disse que S\u00e3o Paulo, na Segunda Leitura da liturgia deste domingo, \u201cnos diz como ser bons trabalhadores na vinha do Senhor: o que \u00e9 verdadeiro, nobre, justo, puro, am\u00e1vel, honrado; o que \u00e9 virtude e merece louvor, tudo isto seja objeto di\u00e1rio do nosso compromisso&#8221;.<\/p>\n<p><i>Esta \u00e9 a atitude da autoridade e tamb\u00e9m de cada um de n\u00f3s, porque cada um de n\u00f3s, em nosso pequeno c\u00edrculo, tem uma certa autoridade. Deste modo, nos tornaremos uma Igreja cada vez mais rica de frutos de santidade, daremos gl\u00f3ria ao Pai que nos ama com infinita ternura, ao Filho que continua a nos dar a salva\u00e7\u00e3o, ao Esp\u00edrito que nos abre o cora\u00e7\u00e3o e nos impele para a plenitude do bem.<\/i><\/p>\n<p>O Papa convidou os fi\u00e9is a se unirem espiritualmente aos fi\u00e9is reunidos no Santu\u00e1rio de Pompeia para a S\u00faplica e a renovar o nosso compromisso de rezar o Ter\u00e7o neste m\u00eas de outubro.<\/p>\n<\/div>\n<div class=\"article__text \">\n<p><b>Mariangela Jaguraba\/Silvonei Jos\u00e9 &#8211; Vatican News<\/b><\/p>\n<\/div>\n","protected":false},"excerpt":{"rendered":"<p>&#8220;A autoridade \u00e9 um servi\u00e7o, e como tal deve ser exercida, para o bem de todos e para a difus\u00e3o do Evangelho. \u00c9 feio ver quando as pessoas com autoridade na Igreja buscam seus pr\u00f3prios interesses\u201d, disse Francisco no Angelus dominical. O Papa Francisco rezou a ora\u00e7\u00e3o mariana do Angelus deste domingo (04\/10), mem\u00f3ria de&nbsp;<\/p>\n<p><a class=\"btn btn-style\" href=\"http:\/\/portalcatolico.net\/portal\/o-papa-a-verdadeira-autoridade-e-servir-nao-explorar-os-outros\/\">Continue Reading<\/a><\/p>\n","protected":false},"author":2,"featured_media":70313,"comment_status":"open","ping_status":"open","sticky":false,"template":"","format":"standard","meta":{"footnotes":""},"categories":[5],"tags":[],"class_list":["post-70312","post","type-post","status-publish","format-standard","has-post-thumbnail","hentry","category-igreja_no_mundo"],"_links":{"self":[{"href":"http:\/\/portalcatolico.net\/portal\/wp-json\/wp\/v2\/posts\/70312","targetHints":{"allow":["GET"]}}],"collection":[{"href":"http:\/\/portalcatolico.net\/portal\/wp-json\/wp\/v2\/posts"}],"about":[{"href":"http:\/\/portalcatolico.net\/portal\/wp-json\/wp\/v2\/types\/post"}],"author":[{"embeddable":true,"href":"http:\/\/portalcatolico.net\/portal\/wp-json\/wp\/v2\/users\/2"}],"replies":[{"embeddable":true,"href":"http:\/\/portalcatolico.net\/portal\/wp-json\/wp\/v2\/comments?post=70312"}],"version-history":[{"count":1,"href":"http:\/\/portalcatolico.net\/portal\/wp-json\/wp\/v2\/posts\/70312\/revisions"}],"predecessor-version":[{"id":70314,"href":"http:\/\/portalcatolico.net\/portal\/wp-json\/wp\/v2\/posts\/70312\/revisions\/70314"}],"wp:featuredmedia":[{"embeddable":true,"href":"http:\/\/portalcatolico.net\/portal\/wp-json\/wp\/v2\/media\/70313"}],"wp:attachment":[{"href":"http:\/\/portalcatolico.net\/portal\/wp-json\/wp\/v2\/media?parent=70312"}],"wp:term":[{"taxonomy":"category","embeddable":true,"href":"http:\/\/portalcatolico.net\/portal\/wp-json\/wp\/v2\/categories?post=70312"},{"taxonomy":"post_tag","embeddable":true,"href":"http:\/\/portalcatolico.net\/portal\/wp-json\/wp\/v2\/tags?post=70312"}],"curies":[{"name":"wp","href":"https:\/\/api.w.org\/{rel}","templated":true}]}}