{"id":70307,"date":"2020-10-03T19:45:18","date_gmt":"2020-10-03T22:45:18","guid":{"rendered":"http:\/\/portalcatolico.net\/portal\/?p=70307"},"modified":"2020-10-03T19:46:41","modified_gmt":"2020-10-03T22:46:41","slug":"confira-a-programacao-da-festa-de-nossa-senhora-aparecida-em-itabuna","status":"publish","type":"post","link":"http:\/\/portalcatolico.net\/portal\/confira-a-programacao-da-festa-de-nossa-senhora-aparecida-em-itabuna\/","title":{"rendered":"Confira a programa\u00e7\u00e3o da Festa de Nossa Senhora Aparecida em Itabuna"},"content":{"rendered":"<div class=\"PlainText\" dir=\"auto\">A Festa da Padroeira do bairro Calif\u00f3rnia, em Itabuna, no sul da Bahia, \u00e9 um evento da Igreja Cat\u00f3lica Apost\u00f3lica Romana, em homenagem \u00e0&nbsp; Nossa Senhora da Concei\u00e7\u00e3o Aparecida, considerada a padroeira do Brasil.<br \/>\nO evento religioso acontece anualmente na par\u00f3quia Nossa Senhora Aparecida, em Itabuna.&nbsp;<br \/>\nA Pascom (Pastoral da Comunica\u00e7\u00e3o) ir\u00e1 transmitir pelas redes sociais da par\u00f3quia, todos os dias, a programa\u00e7\u00e3o, a partir das 19h. A programa\u00e7\u00e3o tem in\u00edcio neste s\u00e1bado, dia 03, e segue at\u00e9 o dia 12 de outubro, dia festivo e feriado nacional.&nbsp;<\/div>\n<div class=\"PlainText\" dir=\"auto\">Neste ano de 2020, a par\u00f3quia est\u00e1 completando 40 anos de evangeliza\u00e7\u00e3o, f\u00e9 e devo\u00e7\u00e3o.&nbsp;<\/div>\n<div class=\"PlainText\" dir=\"auto\">Vale ressaltar que no dia festivo, v\u00e3o acontecer&nbsp; quatro missas durante todo o dia, al\u00e9m de carreata e b\u00ean\u00e7\u00e3o com o Sant\u00edssimo Sacramento.<br \/>\nO tema central ser\u00e1: &#8220;Senhor, o que quere de mim?&#8221; e o lema: &#8220;Vem e segue-me.&#8221; (MT 19,21)<\/div>\n<div dir=\"auto\">Aos domingo, a santa missa tem inicio \u00e1s 18h.<\/div>\n<div class=\"PlainText\" dir=\"auto\"><strong>Confira a programa\u00e7\u00e3o:<\/strong><\/div>\n<div class=\"PlainText\" dir=\"auto\"><strong>1\u00aa noite<\/strong>&#8211; 03\/10, com o tema: &#8220;Voca\u00e7\u00e3o a vida&#8221;. Padre Nicolau Klak, Par\u00f3quia Nossa Senhora de Fatima de Itabuna.<\/div>\n<div class=\"PlainText\" dir=\"auto\"><strong>2\u00aa noite<\/strong>&#8211; 04\/10, com o tema: &#8220;Voca\u00e7\u00e3o Crist\u00e3&#8221;. Di\u00e1cono Permanente da Diocese de Itabuna, Ailton Matos.<\/div>\n<div class=\"PlainText\" dir=\"auto\"><strong>3\u00aa noite<\/strong>-05\/10, com o tema: &#8220;Voca\u00e7\u00e3o matrimonial&#8221;. Padre Adriano Fernandes. Par\u00f3quia Nossa Senhora da Concei\u00e7\u00e3o, no bairro Concei\u00e7\u00e3o, em Itabuna.<\/div>\n<div class=\"PlainText\" dir=\"auto\"><strong>4\u00aa noite<\/strong>-06\/10, com o tema: &#8220;Voca\u00e7\u00e3o a vida religiosa&#8221;. Padre Wesley da Concei\u00e7\u00e3o, par\u00f3quia Senhor Deus Menino da cidade de Ibicara\u00ed.<\/div>\n<div class=\"PlainText\" dir=\"auto\"><strong>5\u00aa noite<\/strong>-07\/10, com o tema: &#8220;Voca\u00e7\u00e3o a vida em Comunidade&#8221;. Padre Luiz Alves, par\u00f3quia Santo Ant\u00f4nio de Itaj\u00fa do Col\u00f4nia.<\/div>\n<div class=\"PlainText\" dir=\"auto\"><strong>6\u00aa noite<\/strong>-08\/10, com o tema: &#8220;Voca\u00e7\u00e3o dos leigos e leigas&#8221;. Padre Jos\u00e9&nbsp;Roberto Ara\u00fajo, Par\u00f3quia Nossa Senhora da Concei\u00e7\u00e3o do bairro Ferradas<br \/>\nem Itabuna.<\/div>\n<div class=\"PlainText\" dir=\"auto\"><strong>7\u00aa noite<\/strong>-09\/10, com o tema: &#8220;Voca\u00e7\u00e3o ao amor&#8221;. Padre Jos\u00e9 Nunes Cardoso, par\u00f3quia Santo Ant\u00f4nio da cidade de Firmino Alves.<\/div>\n<div class=\"PlainText\" dir=\"auto\"><strong>8\u00aa noite-<\/strong>10\/10,com o tema: &#8220;Voca\u00e7\u00e3o sacerdotal&#8221;. Padre Reinaldo Jacinto Junior, par\u00f3quia Santa In\u00eas em Itabuna.<\/div>\n<div class=\"PlainText\" dir=\"auto\"><strong>9\u00aa noite<\/strong>\/11\/10, com o tema: &#8220;Voca\u00e7\u00e3o a santidade&#8221;. Padre Tony Val\u00e9rio, par\u00f3quia Santa Maria Madalena de Itabuna.<\/div>\n<div class=\"PlainText\" dir=\"auto\">Dia festivo: 12 de outubro, solenidade de Nossa senhora Aparecida<\/div>\n<div class=\"PlainText\" dir=\"auto\"><strong>Santa missa:<\/strong><br \/>\n7h: 1\u00aa missa dos devotos;<br \/>\n10h: 2\u00aa missa dos devotos;<br \/>\n15h: Santa missa dos objetivos devocionais;<br \/>\nPadre Ezequias Gon\u00e7alves (P\u00e1roco)<br \/>\n17h: Missa solene, ap\u00f3s carreata e ben\u00e7\u00e3o do Sant\u00edssimo Sacramento, com a<br \/>\npresid\u00eancia do bispo diocesano, da diocese de Itabuna, no sul da Bahia, dom Carlos Alberto dos Santos.<\/div>\n<div dir=\"auto\"><a href=\"https:\/\/www.youtube.com\/channel\/UCLI8QK0j_2iYudR1oonhDwA\"><strong>Clique aqui e acompanhe as celebra\u00e7\u00f5es<\/strong><\/a><\/div>\n","protected":false},"excerpt":{"rendered":"<p>A Festa da Padroeira do bairro Calif\u00f3rnia, em Itabuna, no sul da Bahia, \u00e9 um evento da Igreja Cat\u00f3lica Apost\u00f3lica Romana, em homenagem \u00e0&nbsp; Nossa Senhora da Concei\u00e7\u00e3o Aparecida, considerada a padroeira do Brasil. O evento religioso acontece anualmente na par\u00f3quia Nossa Senhora Aparecida, em Itabuna.&nbsp; A Pascom (Pastoral da Comunica\u00e7\u00e3o) ir\u00e1 transmitir pelas redes&nbsp;<\/p>\n<p><a class=\"btn btn-style\" href=\"http:\/\/portalcatolico.net\/portal\/confira-a-programacao-da-festa-de-nossa-senhora-aparecida-em-itabuna\/\">Continue Reading<\/a><\/p>\n","protected":false},"author":2,"featured_media":70308,"comment_status":"open","ping_status":"open","sticky":false,"template":"","format":"standard","meta":{"footnotes":""},"categories":[2],"tags":[],"class_list":["post-70307","post","type-post","status-publish","format-standard","has-post-thumbnail","hentry","category-eventos"],"_links":{"self":[{"href":"http:\/\/portalcatolico.net\/portal\/wp-json\/wp\/v2\/posts\/70307","targetHints":{"allow":["GET"]}}],"collection":[{"href":"http:\/\/portalcatolico.net\/portal\/wp-json\/wp\/v2\/posts"}],"about":[{"href":"http:\/\/portalcatolico.net\/portal\/wp-json\/wp\/v2\/types\/post"}],"author":[{"embeddable":true,"href":"http:\/\/portalcatolico.net\/portal\/wp-json\/wp\/v2\/users\/2"}],"replies":[{"embeddable":true,"href":"http:\/\/portalcatolico.net\/portal\/wp-json\/wp\/v2\/comments?post=70307"}],"version-history":[{"count":3,"href":"http:\/\/portalcatolico.net\/portal\/wp-json\/wp\/v2\/posts\/70307\/revisions"}],"predecessor-version":[{"id":70311,"href":"http:\/\/portalcatolico.net\/portal\/wp-json\/wp\/v2\/posts\/70307\/revisions\/70311"}],"wp:featuredmedia":[{"embeddable":true,"href":"http:\/\/portalcatolico.net\/portal\/wp-json\/wp\/v2\/media\/70308"}],"wp:attachment":[{"href":"http:\/\/portalcatolico.net\/portal\/wp-json\/wp\/v2\/media?parent=70307"}],"wp:term":[{"taxonomy":"category","embeddable":true,"href":"http:\/\/portalcatolico.net\/portal\/wp-json\/wp\/v2\/categories?post=70307"},{"taxonomy":"post_tag","embeddable":true,"href":"http:\/\/portalcatolico.net\/portal\/wp-json\/wp\/v2\/tags?post=70307"}],"curies":[{"name":"wp","href":"https:\/\/api.w.org\/{rel}","templated":true}]}}