{"id":70303,"date":"2020-09-11T22:25:38","date_gmt":"2020-09-12T01:25:38","guid":{"rendered":"http:\/\/portalcatolico.net\/portal\/?p=70303"},"modified":"2020-10-02T22:25:55","modified_gmt":"2020-10-03T01:25:55","slug":"peregrinacao-virtual-ao-santuario-nossa-senhora-das-candeias-acontece-neste-domingo-13","status":"publish","type":"post","link":"http:\/\/portalcatolico.net\/portal\/peregrinacao-virtual-ao-santuario-nossa-senhora-das-candeias-acontece-neste-domingo-13\/","title":{"rendered":"Peregrina\u00e7\u00e3o virtual ao Santu\u00e1rio Nossa Senhora das Candeias acontece neste domingo (13)"},"content":{"rendered":"<div class=\"gmail_quote\">\n<div dir=\"ltr\">\n<p>Os devotos de Nossa Senhora poder\u00e3o participar no pr\u00f3ximo domingo, dia 13 de setembro, da Peregrina\u00e7\u00e3o Virtual de F\u00e9 e Luz ao Santu\u00e1rio Nossa Senhora das Candeias. A mudan\u00e7a na programa\u00e7\u00e3o, que costuma atrair milhares de fi\u00e9is \u00e0 cidade hom\u00f4nima na regi\u00e3o metropolitana de Salvador, aconteceu devido \u00e0 pandemia do coronav\u00edrus. Candeias \u00e9 um dos maiores centros do turismo religioso do Estado da Bahia, com visita\u00e7\u00e3o tamb\u00e9m \u00e0 Fonte dos Milagres.<\/p>\n<p>A Peregrina\u00e7\u00e3o de F\u00e9 e Luz, que est\u00e1 na nona edi\u00e7\u00e3o, tem como tema &#8220;Nos 10 anos da Diocese de Cama\u00e7ari: com a M\u00e3e das Candeias e Jesus, Luz do mundo, somos Igreja Viva&#8221; e ser\u00e1 transmitida direto do Santu\u00e1rio \u00e0s 9h pelo canal do Youtube da Diocese de Cama\u00e7ari e do Facebook do Santu\u00e1rio Nossa Senhora das Candeias. A programa\u00e7\u00e3o deste ano conta com momentos de ora\u00e7\u00e3o do ter\u00e7o, adora\u00e7\u00e3o, louvor e Missa presidida pelo bispo diocesano Dom Jo\u00e3o Carlos Petrini.<\/p>\n<div>&nbsp;<\/div>\n<div>Para o bispo, esse \u00e9 um momento para reavivar a f\u00e9 &#8220;<i>A peregrina\u00e7\u00e3o deste ano poder\u00e1 ter um significado muito relevante para cada um, \u00e0 medida que se tornar\u00e1 um momento para reavivar a caminhada de f\u00e9, renovar nossa alian\u00e7a com Deus, reavivar nossa participa\u00e7\u00e3o na vida da Igreja para que sempre mais seja uma realidade viva, num mundo que parece caminhar sempre mais por caminhos de confus\u00e3o&#8221;&nbsp;<\/i>afirmou<i>.<br \/>\n<\/i><br \/>\nO evento religioso \u00e9 promovido pela Diocese de Cama\u00e7ari e pela Par\u00f3quia Nossa Senhora das Candeias e j\u00e1 faz parte da identidade da Diocese, atraindo a cada ano os romeiros das 24 par\u00f3quias dos munic\u00edpios de Candeias, Cama\u00e7ari, Dias D&#8217;\u00c1vila, Madre de Deus, S\u00e3o Francisco do Conde, S\u00e3o Sebasti\u00e3o do Pass\u00e9, Sim\u00f5es Filho e Terra Nova, que nos anos anteriores percorreram um trecho de seis quil\u00f4metros em dire\u00e7\u00e3o ao Santu\u00e1rio Nossa Senhora das Candeias.<strong>SANTU\u00c1RIO<\/strong><\/p>\n<p>Constru\u00eddo no final do s\u00e9culo XVIII, o Santu\u00e1rio de Nossa Senhora das Candeias \u00e9 um lugar de grande devo\u00e7\u00e3o a Virgem Maria. A Igreja Matriz de Nossa Senhora das Candeias foi elevada \u00e0 condi\u00e7\u00e3o de Santu\u00e1rio diocesano em fevereiro de 2014, reconhecida pelo Vaticano. Voltado para a Ba\u00eda de Todos os Santos, o Santu\u00e1rio \u00e9 um local de grande peregrina\u00e7\u00e3o de romeiros de todo o lugar do Brasil, que buscam curas e b\u00ean\u00e7\u00e3os atrav\u00e9s da \u00e1gua milagrosa da Fonte dos Milagres.<\/p>\n<p>No dia da peregrina\u00e7\u00e3o virtual os fi\u00e9is n\u00e3o estar\u00e3o presencialmente, mas ainda \u00e9 poss\u00edvel, nos outros dias, participar de missa e realizar visitas ao Santu\u00e1rio Mariano fazendo uma agendamento pr\u00e9vio atrav\u00e9s da secretaria paroquial pelo telefone (71) 3601-1942. Os visitantes devem seguir todos os protocolos de seguran\u00e7a como o uso de m\u00e1scara e \u00e1lcool em gel e as celebra\u00e7\u00f5es s\u00e3o restritas at\u00e9 cinquenta pessoas.<\/p>\n<p><strong>NOVEN\u00c1RIO<\/strong><\/p>\n<p>O Noven\u00e1rio em honra a Nossa Senhora das Candeias \u00e9 a principal festa cat\u00f3lica da Regi\u00e3o Metropolitana de Salvador. Os festejos acontecem entre os dias 24 de janeiro e 3 de fevereiro e re\u00fane cerca de 7 mil pessoas por noite na pra\u00e7a que leva o nome da Santa. A Assembleia Legislativa da Bahia aprovou, em novembro de 2017, o Projeto de Lei n\u00ba 22.336\/2017 que inclui as festividades de Nossa Senhora das Candeias no calend\u00e1rio oficial das festas populares da Bahia. Com a aprova\u00e7\u00e3o, os festejos contam com apoio da BahiaTursa.<\/p>\n<\/div>\n<\/div>\n<\/div>\n<div class=\"gmail_signature\" dir=\"ltr\">\n<div dir=\"ltr\">\n<pre><span style=\"font-family: tahoma, sans-serif;\"><b>Por:Kivia Matos \r\n<\/b>Assessora de Comunica\u00e7\u00e3o da Diocese de Cama\u00e7ari (BA)<\/span><\/pre>\n<\/div>\n<\/div>\n","protected":false},"excerpt":{"rendered":"<p>Os devotos de Nossa Senhora poder\u00e3o participar no pr\u00f3ximo domingo, dia 13 de setembro, da Peregrina\u00e7\u00e3o Virtual de F\u00e9 e Luz ao Santu\u00e1rio Nossa Senhora das Candeias. A mudan\u00e7a na programa\u00e7\u00e3o, que costuma atrair milhares de fi\u00e9is \u00e0 cidade hom\u00f4nima na regi\u00e3o metropolitana de Salvador, aconteceu devido \u00e0 pandemia do coronav\u00edrus. Candeias \u00e9 um dos&nbsp;<\/p>\n<p><a class=\"btn btn-style\" href=\"http:\/\/portalcatolico.net\/portal\/peregrinacao-virtual-ao-santuario-nossa-senhora-das-candeias-acontece-neste-domingo-13\/\">Continue Reading<\/a><\/p>\n","protected":false},"author":2,"featured_media":70304,"comment_status":"open","ping_status":"open","sticky":false,"template":"","format":"standard","meta":{"footnotes":""},"categories":[2],"tags":[],"class_list":["post-70303","post","type-post","status-publish","format-standard","has-post-thumbnail","hentry","category-eventos"],"_links":{"self":[{"href":"http:\/\/portalcatolico.net\/portal\/wp-json\/wp\/v2\/posts\/70303","targetHints":{"allow":["GET"]}}],"collection":[{"href":"http:\/\/portalcatolico.net\/portal\/wp-json\/wp\/v2\/posts"}],"about":[{"href":"http:\/\/portalcatolico.net\/portal\/wp-json\/wp\/v2\/types\/post"}],"author":[{"embeddable":true,"href":"http:\/\/portalcatolico.net\/portal\/wp-json\/wp\/v2\/users\/2"}],"replies":[{"embeddable":true,"href":"http:\/\/portalcatolico.net\/portal\/wp-json\/wp\/v2\/comments?post=70303"}],"version-history":[{"count":2,"href":"http:\/\/portalcatolico.net\/portal\/wp-json\/wp\/v2\/posts\/70303\/revisions"}],"predecessor-version":[{"id":70306,"href":"http:\/\/portalcatolico.net\/portal\/wp-json\/wp\/v2\/posts\/70303\/revisions\/70306"}],"wp:featuredmedia":[{"embeddable":true,"href":"http:\/\/portalcatolico.net\/portal\/wp-json\/wp\/v2\/media\/70304"}],"wp:attachment":[{"href":"http:\/\/portalcatolico.net\/portal\/wp-json\/wp\/v2\/media?parent=70303"}],"wp:term":[{"taxonomy":"category","embeddable":true,"href":"http:\/\/portalcatolico.net\/portal\/wp-json\/wp\/v2\/categories?post=70303"},{"taxonomy":"post_tag","embeddable":true,"href":"http:\/\/portalcatolico.net\/portal\/wp-json\/wp\/v2\/tags?post=70303"}],"curies":[{"name":"wp","href":"https:\/\/api.w.org\/{rel}","templated":true}]}}