{"id":70296,"date":"2020-10-02T20:12:14","date_gmt":"2020-10-02T23:12:14","guid":{"rendered":"http:\/\/portalcatolico.net\/portal\/?p=70296"},"modified":"2020-10-02T20:18:35","modified_gmt":"2020-10-02T23:18:35","slug":"festa-da-padroeira-confira-a-programacao-no-santuario-nacional-de-aparecida","status":"publish","type":"post","link":"http:\/\/portalcatolico.net\/portal\/festa-da-padroeira-confira-a-programacao-no-santuario-nacional-de-aparecida\/","title":{"rendered":"Festa da Padroeira: confira a programa\u00e7\u00e3o no Santu\u00e1rio Nacional de Aparecida"},"content":{"rendered":"<div class=\"row content-head non-featured \">\n<div class=\"medium-centered subtitle\">\n<p class=\"content-head__subtitle\">Celebra\u00e7\u00f5es da novena e feriado da Padroeira contar\u00e3o apenas com pessoas ligadas \u00e0 Arquidiocese de Aparecida e obras sociais. P\u00fablico vai poder acompanhar missas pela internet. Apesar disso, os romeiros podem visitar o templo.<\/p>\n<div class=\"mc-column content-text active-extra-styles \" data-block-type=\"unstyled\" data-block-weight=\"22\" data-block-id=\"2\">O&nbsp;Santu\u00e1rio Nacional de Aparecida&nbsp;alterou a tradicional programa\u00e7\u00e3o da Festa da Padroeira neste ano por causa da&nbsp;pandemia de coronav\u00edrus.<\/div>\n<div class=\"wall protected-content\">\n<div class=\"mc-column content-text active-extra-styles \" data-block-type=\"unstyled\" data-block-weight=\"30\" data-block-id=\"8\">\n<div class=\"wall protected-content\">\n<div class=\"mc-column content-text active-extra-styles\" data-block-type=\"raw\" data-block-weight=\"27\" data-block-id=\"3\">\n<ul class=\"content-unordered-list\">\n<li><a href=\"https:\/\/g1.globo.com\/sp\/vale-do-paraiba-regiao\/festa-da-padroeira\/2020\/noticia\/2020\/09\/29\/feriado-da-padroeira-como-o-12-de-outubro-sera-celebrado-na-basilica-de-aparecida.ghtml\">Feriado da Padroeira: como o 12 de outubro ser\u00e1 celebrado na Bas\u00edlica de Aparecida<\/a><\/li>\n<li><a href=\"https:\/\/g1.globo.com\/sp\/vale-do-paraiba-regiao\/festa-da-padroeira\/2020\/noticia\/2020\/09\/29\/coronavirus-protocolo-sanitario-impoe-regras-e-restricao-de-publico-na-basilica-de-aparecida.ghtml\">Coronav\u00edrus: protocolo sanit\u00e1rio imp\u00f5e regras e restri\u00e7\u00e3o de p\u00fablico na Bas\u00edlica de Aparecida<\/a><\/li>\n<\/ul>\n<\/div>\n<div class=\"mc-column content-text active-extra-styles \" data-block-type=\"unstyled\" data-block-weight=\"42\" data-block-id=\"4\">\n<p class=\"content-text__container \" data-track-category=\"Link no Texto\" data-track-links=\"\">Pela primeira vez, as celebra\u00e7\u00f5es da novena e do dia 12 de outubro ser\u00e3o transmitidas pela internet, e os&nbsp;<span class=\"highlight highlighted\">fi\u00e9is n\u00e3o poder\u00e3o acompanh\u00e1-las presencialmente<\/span>. Prociss\u00f5es, vig\u00edlias, carreata e passeio cicl\u00edstico foram cancelados. Os tradicionais shows tamb\u00e9m n\u00e3o ir\u00e3o acontecer neste ano.<\/p>\n<\/div>\n<div class=\"mc-column content-text active-extra-styles \" data-block-type=\"unstyled\" data-block-weight=\"32\" data-block-id=\"5\">\n<p class=\"content-text__container \" data-track-category=\"Link no Texto\" data-track-links=\"\">Apesar de n\u00e3o poder acompanhar as missas no local, os&nbsp;<span class=\"highlight highlighted\">romeiros ainda poder\u00e3o visitar espa\u00e7os do Santu\u00e1rio Nacional<\/span>, como a passagem pela Imagem, Capela das Velas e Sala dos Milagres, por exemplo.<\/p>\n<\/div>\n<div class=\"mc-column content-text active-extra-styles \" data-block-type=\"unstyled\" data-block-weight=\"42\" data-block-id=\"6\">\n<p class=\"content-text__container \" data-track-category=\"Link no Texto\" data-track-links=\"\">As medidas foram adotadas pela Igreja para evitar aglomera\u00e7\u00f5es &#8220;diante do cen\u00e1rio de pandemia que o mundo vive, que continua inspirando cuidado e respeito pelo pr\u00f3ximo&#8221;. Por causa da pandemia, o espa\u00e7o todo do Santu\u00e1rio recebe atualmente at\u00e9 seis mil pessoas simultaneamente.<\/p>\n<\/div>\n<div class=\"mc-column content-text active-extra-styles \" data-block-type=\"unstyled\" data-block-weight=\"19\" data-block-id=\"7\">\n<p class=\"content-text__container \" data-track-category=\"Link no Texto\" data-track-links=\"\">Todos os anos, a Festa da Padroeira mobiliza milhares de fi\u00e9is em dire\u00e7\u00e3o ao Santu\u00e1rio Nacional de Aparecida.<\/p>\n<\/div>\n<div class=\"mc-column content-text active-extra-styles \" data-block-type=\"unstyled\" data-block-weight=\"30\" data-block-id=\"8\">\n<p class=\"content-text__container \" data-track-category=\"Link no Texto\" data-track-links=\"\">Em 2019, o&nbsp;maior templo mariano do mundo registrou 162 mil visitantes somente no 12 de outubro. No fim de semana do feriado, 271 mil fi\u00e9is passaram pelo Santu\u00e1rio.<\/p>\n<div class=\"mc-column content-text active-extra-styles\" data-block-type=\"raw\" data-block-weight=\"1\" data-block-id=\"10\">\n<div class=\"content-intertitle\">\n<p><strong>Programa\u00e7\u00e3o<\/strong><\/p>\n<\/div>\n<\/div>\n<div class=\"mc-column content-text active-extra-styles \" data-block-type=\"unstyled\" data-block-weight=\"40\" data-block-id=\"11\">\n<p class=\"content-text__container \" data-track-category=\"Link no Texto\" data-track-links=\"\">A novena ser\u00e1 realizada de a partir do s\u00e1bado e segue at\u00e9 o dia 11 de outubro, com missas, \u00e0s 15h e \u00e0s 19h. J\u00e1 no dia 12 de outubro, as missas acontecem \u00e0s 7h, 9h, 12h e 18h.<\/p>\n<\/div>\n<div class=\"mc-column content-text active-extra-styles \" data-block-type=\"unstyled\" data-block-weight=\"24\" data-block-id=\"12\">\n<p class=\"content-text__container \" data-track-category=\"Link no Texto\" data-track-links=\"\">Nesse ano, as missas v\u00e3o acontecer nas duas bas\u00edlicas, mas o p\u00fablico poder\u00e1 acompanhar apenas pela internet ou meios de comunica\u00e7\u00e3o do Santu\u00e1rio.<\/p>\n<\/div>\n<div class=\"mc-column content-text active-extra-styles \" data-block-type=\"unstyled\" data-block-weight=\"40\" data-block-id=\"13\">\n<p class=\"content-text__container \" data-track-category=\"Link no Texto\" data-track-links=\"\">O Santu\u00e1rio estar\u00e1 aberto \u00e0 visita\u00e7\u00e3o das 5h \u00e0s 17h, durante a novena (3 a 11), e das 12h \u00e0s 17h, no dia 12. Durante o per\u00edodo, na Tribuna Papa Bento XVI, ser\u00e3o realizadas as celebra\u00e7\u00f5es das b\u00ean\u00e7\u00e3os aos fi\u00e9is.<\/p>\n<\/div>\n<div class=\"mc-column content-text active-extra-styles \" data-block-type=\"unstyled\" data-block-weight=\"9\" data-block-id=\"14\">\n<p class=\"content-text__container \" data-track-category=\"Link no Texto\" data-track-links=\"\">Confira abaixo a programa\u00e7\u00e3o divulgada pela Arquidiocese de Aparecida:<\/p>\n<\/div>\n<div class=\"mc-column content-text active-extra-styles\" data-block-type=\"raw\" data-block-weight=\"2\" data-block-id=\"15\">\n<div class=\"content-intertitle\">\n<p><strong>Bas\u00edlica Velha<\/strong><\/p>\n<\/div>\n<\/div>\n<div class=\"mc-column content-text active-extra-styles \" data-block-type=\"unstyled\" data-block-weight=\"1\" data-block-id=\"16\">\n<p class=\"content-text__container \" data-track-category=\"Link no Texto\" data-track-links=\"\"><strong>Missas<\/strong><\/p>\n<\/div>\n<div class=\"mc-column content-text active-extra-styles\" data-block-type=\"raw\" data-block-weight=\"52\" data-block-id=\"17\">\n<ul class=\"content-unordered-list\">\n<li>S\u00e1bados (3 e 10): Missas \u00e0s 9h, 12 e novena das 15h<\/li>\n<li>Domingos: (4 e 11): Missas \u00e0s 8h, 12h e novena das 15h<\/li>\n<li>Segunda a sexta (5 a 9): Missas \u00e0s 6h45, 9h, 12h e novena 12 de outubro: 7h (missa das crian\u00e7as), 12h (\u00c2ngelus e b\u00ean\u00e7\u00e3o do Livro dos Devotos)<\/li>\n<\/ul>\n<\/div>\n<div class=\"mc-column content-text active-extra-styles \" data-block-type=\"unstyled\" data-block-weight=\"1\" data-block-id=\"18\">\n<p class=\"content-text__container \" data-track-category=\"Link no Texto\" data-track-links=\"\"><strong>Visita\u00e7\u00e3o<\/strong><\/p>\n<\/div>\n<div class=\"mc-column content-text active-extra-styles\" data-block-type=\"raw\" data-block-weight=\"9\" data-block-id=\"19\">\n<ul class=\"content-unordered-list\">\n<li>Liberada apenas a visita\u00e7\u00e3o \u00e0 Imagem: 17h \u00e0s 19h<\/li>\n<\/ul>\n<\/div>\n<div class=\"mc-column content-text active-extra-styles\" data-block-type=\"raw\" data-block-weight=\"2\" data-block-id=\"20\">\n<div class=\"content-intertitle\">\n<p><strong>Santu\u00e1rio Nacional<\/strong><\/p>\n<\/div>\n<\/div>\n<div class=\"mc-column content-text active-extra-styles \" data-block-type=\"unstyled\" data-block-weight=\"1\" data-block-id=\"21\">\n<p class=\"content-text__container \" data-track-category=\"Link no Texto\" data-track-links=\"\"><strong>Missas<\/strong><\/p>\n<\/div>\n<div class=\"mc-column content-text active-extra-styles\" data-block-type=\"raw\" data-block-weight=\"18\" data-block-id=\"22\">\n<ul class=\"content-unordered-list\">\n<li>3 a 11: 19h (Novena Solene)<\/li>\n<li>12 de outubro: 9h (Missa Solene), 18h (Missa de encerramento da Festa)<\/li>\n<\/ul>\n<\/div>\n<div class=\"mc-column content-text active-extra-styles \" data-block-type=\"unstyled\" data-block-weight=\"2\" data-block-id=\"23\">\n<p class=\"content-text__container \" data-track-category=\"Link no Texto\" data-track-links=\"\"><strong>Visita\u00e7\u00e3o (igreja)<\/strong><\/p>\n<\/div>\n<div class=\"mc-column content-text active-extra-styles\" data-block-type=\"raw\" data-block-weight=\"12\" data-block-id=\"24\">\n<ul class=\"content-unordered-list\">\n<li>3 a 11: 5h \u00e0s 17h<\/li>\n<li>12 de outubro: 12h \u00e0s 17h<\/li>\n<\/ul>\n<\/div>\n<div class=\"mc-column content-text active-extra-styles \" data-block-type=\"unstyled\" data-block-weight=\"5\" data-block-id=\"25\">\n<p class=\"content-text__container \" data-track-category=\"Link no Texto\" data-track-links=\"\"><strong>Visita\u00e7\u00e3o (Imagem de Nossa Senhora)<\/strong><\/p>\n<\/div>\n<div class=\"mc-column content-text active-extra-styles\" data-block-type=\"raw\" data-block-weight=\"19\" data-block-id=\"26\">\n<ul class=\"content-unordered-list\">\n<li>3 a 10: 5h \u00e0s 21h<\/li>\n<li>11: abertura \u00e0s 5h com fechamento \u00e0s 21h do dia 12 de outubro<\/li>\n<\/ul>\n<\/div>\n<div class=\"mc-column content-text active-extra-styles\" data-block-type=\"raw\" data-block-weight=\"5\" data-block-id=\"27\">\n<div class=\"content-intertitle\">\n<p><strong>B\u00ean\u00e7\u00e3os na Tribuna Bento XVI<\/strong><\/p>\n<\/div>\n<\/div>\n<div class=\"mc-column content-text active-extra-styles\" data-block-type=\"raw\" data-block-weight=\"20\" data-block-id=\"28\">\n<ul class=\"content-unordered-list\">\n<li>3 a 9: 8h, 9h, 10h30, 12h, 14h, 16h<\/li>\n<li>12 de outubro: A partir das 5h, a cada 30 minutos<\/li>\n<\/ul>\n<\/div>\n<\/div>\n<\/div>\n<\/div>\n<\/div>\n<p>Foto: F\u00e1bio Fran\u00e7a\/ G1<\/p>\n<\/div>\n<\/div>\n<div class=\"content__signa-share\">\n<div class=\"content__signature\">\n<div class=\"content-publication-data\">\n<div class=\"content-publication-data__text\">\n<p class=\"content-publication-data__from\" title=\"G1 Vale do Para\u00edba e Regi\u00e3o\">Fonte:G1&nbsp;<\/p>\n<\/div>\n<\/div>\n<\/div>\n<\/div>\n","protected":false},"excerpt":{"rendered":"<p>Celebra\u00e7\u00f5es da novena e feriado da Padroeira contar\u00e3o apenas com pessoas ligadas \u00e0 Arquidiocese de Aparecida e obras sociais. P\u00fablico vai poder acompanhar missas pela internet. Apesar disso, os romeiros podem visitar o templo. O&nbsp;Santu\u00e1rio Nacional de Aparecida&nbsp;alterou a tradicional programa\u00e7\u00e3o da Festa da Padroeira neste ano por causa da&nbsp;pandemia de coronav\u00edrus. Feriado da Padroeira:&nbsp;<\/p>\n<p><a class=\"btn btn-style\" href=\"http:\/\/portalcatolico.net\/portal\/festa-da-padroeira-confira-a-programacao-no-santuario-nacional-de-aparecida\/\">Continue Reading<\/a><\/p>\n","protected":false},"author":2,"featured_media":70297,"comment_status":"open","ping_status":"open","sticky":false,"template":"","format":"standard","meta":{"footnotes":""},"categories":[3],"tags":[],"class_list":["post-70296","post","type-post","status-publish","format-standard","has-post-thumbnail","hentry","category-noticias_regionais"],"_links":{"self":[{"href":"http:\/\/portalcatolico.net\/portal\/wp-json\/wp\/v2\/posts\/70296","targetHints":{"allow":["GET"]}}],"collection":[{"href":"http:\/\/portalcatolico.net\/portal\/wp-json\/wp\/v2\/posts"}],"about":[{"href":"http:\/\/portalcatolico.net\/portal\/wp-json\/wp\/v2\/types\/post"}],"author":[{"embeddable":true,"href":"http:\/\/portalcatolico.net\/portal\/wp-json\/wp\/v2\/users\/2"}],"replies":[{"embeddable":true,"href":"http:\/\/portalcatolico.net\/portal\/wp-json\/wp\/v2\/comments?post=70296"}],"version-history":[{"count":5,"href":"http:\/\/portalcatolico.net\/portal\/wp-json\/wp\/v2\/posts\/70296\/revisions"}],"predecessor-version":[{"id":70302,"href":"http:\/\/portalcatolico.net\/portal\/wp-json\/wp\/v2\/posts\/70296\/revisions\/70302"}],"wp:featuredmedia":[{"embeddable":true,"href":"http:\/\/portalcatolico.net\/portal\/wp-json\/wp\/v2\/media\/70297"}],"wp:attachment":[{"href":"http:\/\/portalcatolico.net\/portal\/wp-json\/wp\/v2\/media?parent=70296"}],"wp:term":[{"taxonomy":"category","embeddable":true,"href":"http:\/\/portalcatolico.net\/portal\/wp-json\/wp\/v2\/categories?post=70296"},{"taxonomy":"post_tag","embeddable":true,"href":"http:\/\/portalcatolico.net\/portal\/wp-json\/wp\/v2\/tags?post=70296"}],"curies":[{"name":"wp","href":"https:\/\/api.w.org\/{rel}","templated":true}]}}