{"id":70292,"date":"2020-10-04T00:43:09","date_gmt":"2020-10-04T03:43:09","guid":{"rendered":"http:\/\/portalcatolico.net\/portal\/?p=70292"},"modified":"2020-10-02T19:43:54","modified_gmt":"2020-10-02T22:43:54","slug":"a-vida-e-uma-missao-campanha-missionaria-2020","status":"publish","type":"post","link":"http:\/\/portalcatolico.net\/portal\/a-vida-e-uma-missao-campanha-missionaria-2020\/","title":{"rendered":"A Vida \u00e9 uma Miss\u00e3o: Campanha Missionaria 2020"},"content":{"rendered":"<p><strong>Tema: A vida \u00e9 miss\u00e3o | Lema:&nbsp;\u201cEis-me aqui, envia-me\u201d (Is 6,8)<\/strong><\/p>\n<p>As Pontif\u00edcias Obras Mission\u00e1rias (POM) t\u00eam a responsabilidade de organizar a Campanha Mission\u00e1ria, realizada sempre no m\u00eas de outubro, na Igreja de todo o Brasil. Colaboram nesta a\u00e7\u00e3o a CNBB por meio da Comiss\u00e3o para a A\u00e7\u00e3o Mission\u00e1ria e Coopera\u00e7\u00e3o Intereclesial, a Comiss\u00e3o para a Amaz\u00f4nia e outros organismos que comp\u00f5em o Conselho Mission\u00e1rio Nacional (COMINA).<\/p>\n<p>Mesmo vivendo um tempo diferente, em que o mundo passa por uma pandemia que mudou nossas rela\u00e7\u00f5es, a Campanha Mission\u00e1ria em 2020 quer&nbsp;ser um sinal de esperan\u00e7a para tantas vidas doadas de forma solid\u00e1ria. O&nbsp;tema escolhido \u201cA vida \u00e9 miss\u00e3o\u201d e o lema \u201cEis-me aqui, envia-me\u201d (Is 6,8) ir\u00e3o nos ajudar no crescimento da consci\u00eancia mission\u00e1ria.<\/p>\n<p>Ser disc\u00edpulo mission\u00e1rio est\u00e1 al\u00e9m de cumprir tarefas ou fazer coisas. O Papa Francisco lembra que \u201ca miss\u00e3o no cora\u00e7\u00e3o do povo n\u00e3o \u00e9 uma parte da minha vida, ou ornamento a ser posto de lado. \u00c9 algo que n\u00e3o posso arrancar do meu cora\u00e7\u00e3o\u201d (Alegria do Evangelho, 27).<\/p>\n<p>N\u00f3s crist\u00e3os somos convidados a defender e cuidar da vida em todas as suas dimens\u00f5es. Jesus de Nazar\u00e9 definiu sua a\u00e7\u00e3o no mundo como o Divino Cuidador: \u201cEu vim para que todos tenham vida e vida em abund\u00e2ncia\u201d (Jo10,10). Esse tamb\u00e9m deve ser o compromisso de todos os mission\u00e1rios e mission\u00e1rias, pois a vida \u00e9 miss\u00e3o.<\/p>\n<p>A vida \u00e9 o bem fundamental e b\u00e1sico em rela\u00e7\u00e3o a todos os demais bens e valores da pessoa. Para a \u00e9tica, a vida \u00e9 um bem, mais que um valor. Deus, ao contemplar a cria\u00e7\u00e3o, \u201cviu que tudo era muito bom\u201d (Gn 1,31).<\/p>\n<p>Todo mission\u00e1rio \u00e9 convidado a educar o olhar sobre as realidades de dor e, sobretudo, saber contemplar o belo, como fazia S\u00e3o Francisco de Assis, encantando-se com as criaturas presentes pelo caminho.<\/p>\n<p><strong>Ora\u00e7\u00e3o do M\u00eas Mission\u00e1rio<\/strong><\/p>\n<p>Deus Pai, Filho e Esp\u00edrito Santo,<br \/>\nfonte transbordante da miss\u00e3o,<br \/>\nAjuda-nos a compreender<br \/>\nque a vida \u00e9 miss\u00e3o,<br \/>\ndom e compromisso.<br \/>\nQue Maria, nossa intercessora<br \/>\nna cidade, no campo,<br \/>\nna Amaz\u00f4nia e em toda parte,<br \/>\najude, cada um de n\u00f3s,<br \/>\na ser testemunhas prof\u00e9ticas<br \/>\ndo Evangelho,<br \/>\nnuma Igreja sinodal<br \/>\ne em estado permanente<br \/>\nde miss\u00e3o.<br \/>\nEis-me aqui, Senhor, envia-me!<br \/>\nAm\u00e9m.<\/p>\n<p><a href=\"http:\/\/www.pom.org.br\/campanha-missionaria-2020\/\"><strong>Clique aqui e baixe os cartazes<\/strong><\/a>.<\/p>\n","protected":false},"excerpt":{"rendered":"<p>Tema: A vida \u00e9 miss\u00e3o | Lema:&nbsp;\u201cEis-me aqui, envia-me\u201d (Is 6,8) As Pontif\u00edcias Obras Mission\u00e1rias (POM) t\u00eam a responsabilidade de organizar a Campanha Mission\u00e1ria, realizada sempre no m\u00eas de outubro, na Igreja de todo o Brasil. Colaboram nesta a\u00e7\u00e3o a CNBB por meio da Comiss\u00e3o para a A\u00e7\u00e3o Mission\u00e1ria e Coopera\u00e7\u00e3o Intereclesial, a Comiss\u00e3o para&nbsp;<\/p>\n<p><a class=\"btn btn-style\" href=\"http:\/\/portalcatolico.net\/portal\/a-vida-e-uma-missao-campanha-missionaria-2020\/\">Continue Reading<\/a><\/p>\n","protected":false},"author":2,"featured_media":70293,"comment_status":"open","ping_status":"open","sticky":false,"template":"","format":"standard","meta":{"footnotes":""},"categories":[4],"tags":[],"class_list":["post-70292","post","type-post","status-publish","format-standard","has-post-thumbnail","hentry","category-destaques"],"_links":{"self":[{"href":"http:\/\/portalcatolico.net\/portal\/wp-json\/wp\/v2\/posts\/70292","targetHints":{"allow":["GET"]}}],"collection":[{"href":"http:\/\/portalcatolico.net\/portal\/wp-json\/wp\/v2\/posts"}],"about":[{"href":"http:\/\/portalcatolico.net\/portal\/wp-json\/wp\/v2\/types\/post"}],"author":[{"embeddable":true,"href":"http:\/\/portalcatolico.net\/portal\/wp-json\/wp\/v2\/users\/2"}],"replies":[{"embeddable":true,"href":"http:\/\/portalcatolico.net\/portal\/wp-json\/wp\/v2\/comments?post=70292"}],"version-history":[{"count":2,"href":"http:\/\/portalcatolico.net\/portal\/wp-json\/wp\/v2\/posts\/70292\/revisions"}],"predecessor-version":[{"id":70295,"href":"http:\/\/portalcatolico.net\/portal\/wp-json\/wp\/v2\/posts\/70292\/revisions\/70295"}],"wp:featuredmedia":[{"embeddable":true,"href":"http:\/\/portalcatolico.net\/portal\/wp-json\/wp\/v2\/media\/70293"}],"wp:attachment":[{"href":"http:\/\/portalcatolico.net\/portal\/wp-json\/wp\/v2\/media?parent=70292"}],"wp:term":[{"taxonomy":"category","embeddable":true,"href":"http:\/\/portalcatolico.net\/portal\/wp-json\/wp\/v2\/categories?post=70292"},{"taxonomy":"post_tag","embeddable":true,"href":"http:\/\/portalcatolico.net\/portal\/wp-json\/wp\/v2\/tags?post=70292"}],"curies":[{"name":"wp","href":"https:\/\/api.w.org\/{rel}","templated":true}]}}