{"id":70289,"date":"2020-10-03T00:36:58","date_gmt":"2020-10-03T03:36:58","guid":{"rendered":"http:\/\/portalcatolico.net\/portal\/?p=70289"},"modified":"2020-10-02T19:37:45","modified_gmt":"2020-10-02T22:37:45","slug":"dia-mundial-das-missoes-em-tempo-de-pandemia-a-missao-continua","status":"publish","type":"post","link":"http:\/\/portalcatolico.net\/portal\/dia-mundial-das-missoes-em-tempo-de-pandemia-a-missao-continua\/","title":{"rendered":"Dia Mundial das Miss\u00f5es: em tempo de pandemia, a miss\u00e3o continua"},"content":{"rendered":"<div class=\"composs-main-article-head\">\n<p>\u201cOs mission\u00e1rios est\u00e3o l\u00e1, ao lado daqueles que sofrem, ainda mais com o impacto da crise global. Este \u00e9 o momento favor\u00e1vel para a miss\u00e3o: somos chamados hoje a anunciar e dar o amor de Deus, especialmente onde h\u00e1 sofrimento, pobreza, desespero\u201d, afirma o secret\u00e1rio da Congrega\u00e7\u00e3o para a Evangeliza\u00e7\u00e3o dos Povos, dom Rugambwa, recordando que a pandemia n\u00e3o fez cessar a miss\u00e3o da Igreja nem o caminho para o Dia Mundial das Miss\u00f5es.<\/p>\n<\/div>\n<div class=\"shortcode-content\">\n<p>No primeiro dia de outubro, m\u00eas mission\u00e1rio, a Congrega\u00e7\u00e3o para a Evangeliza\u00e7\u00e3o dos Povos e os Secretariados internacionais das Pontif\u00edcias Obras Mission\u00e1rias recordaram que a pandemia n\u00e3o fez cessar a miss\u00e3o da Igreja nem o caminho para o Dia Mundial das Miss\u00f5es.<\/p>\n<p>O an\u00fancio do Evangelho continua em todos os cantos do mundo. Os preparativos para o Dia Mundial das Miss\u00f5es, que foi confirmado para o dia 18 deste m\u00eas de outubro, est\u00e3o em andamento nas Igrejas locais dos cinco continentes.<\/p>\n<p><strong>Mission\u00e1rios ao lado dos que sofrem<\/strong><br \/>\nNo in\u00edcio de outubro, tradicionalmente dedicado pela Igreja \u00e0 obra mission\u00e1ria, e por ocasi\u00e3o (01\/10) da festa de Santa Teresa de Lisieux, Padroeira das miss\u00f5es, o secret\u00e1rio da Congrega\u00e7\u00e3o para a Evangeliza\u00e7\u00e3o dos Povos, dom Protase Rugambwa, arcebispo tanzaniano, comentou:<\/p>\n<p>\u201cOs mission\u00e1rios est\u00e3o l\u00e1, ao lado daqueles que sofrem, ainda mais com o impacto da crise global. Este \u00e9 o momento favor\u00e1vel para a miss\u00e3o: somos chamados hoje a anunciar e dar o amor de Deus, especialmente onde h\u00e1 sofrimento, pobreza, desespero.\u201d<\/p>\n<p><strong>A generosidade n\u00e3o para<\/strong><br \/>\nFalando do tempo de prepara\u00e7\u00e3o para o Dia Mundial das Miss\u00f5es, e do compromisso garantido pelas Pontif\u00edcias Obras Mission\u00e1rias (POM) no mundo inteiro, o arcebispo Rugambwa, citando a Mensagem do Papa Francisco para o Dia Mundial das Miss\u00f5es, intitulada \u201cEis-me aqui, envia-me\u201d (Is 6,8), recorda que \u201cnum contexto profundamente marcado pela pandemia da Covid-19, n\u00e3o se deve desanimar porque a miss\u00e3o n\u00e3o \u00e9 fruto de capacidades humanas, mas pertence a Deus: o Esp\u00edrito Santo \u00e9 seu protagonista. O Senhor toma a iniciativa, enviou seu Filho Jesus Cristo e hoje envia cada batizado\u201d.<\/p>\n<p>Nas dificuldades causadas pela pandemia, no mundo inteiro, a generosidade n\u00e3o para. Em todos os continentes, continua o compromisso de sensibiliza\u00e7\u00e3o para a coleta especial de 18 de outubro que constituir\u00e1 o Fundo de Solidariedade Universal que as Pontif\u00edcias Obras Mission\u00e1rias recolhem todos os anos para levar adiante sua obra de apoio \u00e0s Igrejas locais.<\/p>\n<p>Em 2020 a contribui\u00e7\u00e3o tamb\u00e9m foi expressa atrav\u00e9s do Fundo especial de emerg\u00eancia criado pelo Papa junto \u00e0s Pontif\u00edcias Obras Mission\u00e1rias para ajudar as comunidades atingidas pela Covid-19.<\/p>\n<p><strong>\u00c1frica<\/strong><br \/>\nNa \u00c1frica estamos nos preparando para tal com encontros e momentos de ora\u00e7\u00e3o e forma\u00e7\u00e3o, sem esquecer o an\u00fancio da Palavra atrav\u00e9s da visita que muitos mission\u00e1rios e religiosos fazem em aldeias isoladas. O compromisso deste per\u00edodo \u00e9 garantir uma anima\u00e7\u00e3o mission\u00e1ria ainda mais presente e envolvente, sobretudo nas \u00e1reas mais remotas.<\/p>\n<p><strong>Am\u00e9rica<\/strong><br \/>\nNas Am\u00e9ricas, onde o Dia Mission\u00e1rio tem uma tradi\u00e7\u00e3o antiga e fecunda, o compromisso das POM \u00e9 consider\u00e1vel na produ\u00e7\u00e3o de material para anima\u00e7\u00e3o, tanto em papel como compartilhado na web. Com a intensifica\u00e7\u00e3o da campanha nas redes sociais, cresceu a consci\u00eancia das par\u00f3quias, movimentos e associa\u00e7\u00f5es para lembrar a import\u00e2ncia da oferta pessoal, assim como a ora\u00e7\u00e3o.<\/p>\n<p><strong>\u00c1sia<\/strong><br \/>\nNa \u00c1sia, as comunidades locais, tocadas pelo v\u00edrus, mostram uma resili\u00eancia enraizada na f\u00e9: \u201cComo os ap\u00f3stolos na barca, no mar tempestuoso, digamos ao Senhor: estamos morrendo. Nesta pandemia experimentamos a presen\u00e7a amorosa de Cristo e elevamos louvores a Ele, porque Ele n\u00e3o nos abandona\u201d, diz padre Peter Susaimanickam, sacerdote da diocese de Thanjavur, no estado indiano de Tamil Nadu. \u201cEste \u00e9 o cora\u00e7\u00e3o do an\u00fancio que dirigimos a todos, no m\u00eas mission\u00e1rio.\u201d<\/p>\n<p><strong>Oceania<\/strong><br \/>\nNa Oceania, o an\u00fancio do Evangelho atravessa o \u201ccontinente mar\u00edtimo\u201d e iniciativas mission\u00e1rias especiais envolvem e t\u00eam como protagonistas sobretudo os jovens.<\/p>\n<p><strong>Europa<\/strong><br \/>\nNa Europa, as diretorias nacionais dos POM prepararam material em papel e digital para ajudar as comunidades crist\u00e3s a viver tamb\u00e9m a dimens\u00e3o pessoal da miss\u00e3o: \u201cEis-me aqui, envia-me!\u201d<\/p>\n<p>Em n\u00edvel global, h\u00e1 um eco not\u00e1vel em termos de comunica\u00e7\u00e3o e m\u00eddia de massa, com campanhas reais de comunica\u00e7\u00e3o e gra\u00e7as a transmiss\u00f5es ao vivo pela TV e pelo r\u00e1dio para 18 de outubro, como ser\u00e1 o caso na Pol\u00f4nia, Espanha, Malta e Irlanda.<\/p>\n<p><strong>Ora\u00e7\u00e3o do Ter\u00e7o durante o m\u00eas mission\u00e1rio<\/strong><br \/>\nA ora\u00e7\u00e3o mariana do Ter\u00e7o, durante todo o m\u00eas de outubro mission\u00e1rio, transmitida pelo r\u00e1dio e nas redes sociais, ser\u00e1 rezada em milhares de comunidades, \u201c\u00e0 dist\u00e2ncia\u201d ou \u201cem presen\u00e7a\u201d.<\/p>\n<p>Em particular, em 7 de outubro na \u201cR\u00e1dio Maria\u201d o \u201cTer\u00e7o mundial\u201d ser\u00e1 transmitido simultaneamente em todas as esta\u00e7\u00f5es da R\u00e1dio Maria no mundo, transmitido ao vivo do santu\u00e1rio de Kibeho, em Ruanda (pa\u00eds africano situado na regi\u00e3o dos Grandes Lagos).<\/p>\n<p><strong>O Papa: coleta mission\u00e1ria do terceiro domingo de outubro<\/strong><br \/>\nAs palavras do Papa em sua Mensagem ecoam no mundo inteiro: \u201cCelebrar o Dia Mundial das Miss\u00f5es significa tamb\u00e9m reiterar que a ora\u00e7\u00e3o, a reflex\u00e3o e a ajuda material das vossas ofertas s\u00e3o oportunidades para participar ativamente na miss\u00e3o de Jesus na sua Igreja. A caridade manifestada nas coletas das celebra\u00e7\u00f5es lit\u00fargicas do terceiro domingo de outubro tem por objetivo sustentar o trabalho mission\u00e1rio, realizado em meu nome pelas Pontif\u00edcias Obras Mission\u00e1rias, que acodem \u00e0s necessidades espirituais e materiais dos povos e das Igrejas de todo o mundo para a salva\u00e7\u00e3o de todos\u201d.<\/p>\n<p><em>Fonte: Vatican News<\/em><\/p>\n<\/div>\n","protected":false},"excerpt":{"rendered":"<p>\u201cOs mission\u00e1rios est\u00e3o l\u00e1, ao lado daqueles que sofrem, ainda mais com o impacto da crise global. Este \u00e9 o momento favor\u00e1vel para a miss\u00e3o: somos chamados hoje a anunciar e dar o amor de Deus, especialmente onde h\u00e1 sofrimento, pobreza, desespero\u201d, afirma o secret\u00e1rio da Congrega\u00e7\u00e3o para a Evangeliza\u00e7\u00e3o dos Povos, dom Rugambwa, recordando&nbsp;<\/p>\n<p><a class=\"btn btn-style\" href=\"http:\/\/portalcatolico.net\/portal\/dia-mundial-das-missoes-em-tempo-de-pandemia-a-missao-continua\/\">Continue Reading<\/a><\/p>\n","protected":false},"author":2,"featured_media":70290,"comment_status":"open","ping_status":"open","sticky":false,"template":"","format":"standard","meta":{"footnotes":""},"categories":[5],"tags":[],"class_list":["post-70289","post","type-post","status-publish","format-standard","has-post-thumbnail","hentry","category-igreja_no_mundo"],"_links":{"self":[{"href":"http:\/\/portalcatolico.net\/portal\/wp-json\/wp\/v2\/posts\/70289","targetHints":{"allow":["GET"]}}],"collection":[{"href":"http:\/\/portalcatolico.net\/portal\/wp-json\/wp\/v2\/posts"}],"about":[{"href":"http:\/\/portalcatolico.net\/portal\/wp-json\/wp\/v2\/types\/post"}],"author":[{"embeddable":true,"href":"http:\/\/portalcatolico.net\/portal\/wp-json\/wp\/v2\/users\/2"}],"replies":[{"embeddable":true,"href":"http:\/\/portalcatolico.net\/portal\/wp-json\/wp\/v2\/comments?post=70289"}],"version-history":[{"count":1,"href":"http:\/\/portalcatolico.net\/portal\/wp-json\/wp\/v2\/posts\/70289\/revisions"}],"predecessor-version":[{"id":70291,"href":"http:\/\/portalcatolico.net\/portal\/wp-json\/wp\/v2\/posts\/70289\/revisions\/70291"}],"wp:featuredmedia":[{"embeddable":true,"href":"http:\/\/portalcatolico.net\/portal\/wp-json\/wp\/v2\/media\/70290"}],"wp:attachment":[{"href":"http:\/\/portalcatolico.net\/portal\/wp-json\/wp\/v2\/media?parent=70289"}],"wp:term":[{"taxonomy":"category","embeddable":true,"href":"http:\/\/portalcatolico.net\/portal\/wp-json\/wp\/v2\/categories?post=70289"},{"taxonomy":"post_tag","embeddable":true,"href":"http:\/\/portalcatolico.net\/portal\/wp-json\/wp\/v2\/tags?post=70289"}],"curies":[{"name":"wp","href":"https:\/\/api.w.org\/{rel}","templated":true}]}}