{"id":70285,"date":"2020-10-02T19:24:26","date_gmt":"2020-10-02T22:24:26","guid":{"rendered":"http:\/\/portalcatolico.net\/portal\/?p=70285"},"modified":"2020-10-02T19:24:26","modified_gmt":"2020-10-02T22:24:26","slug":"arte-nos-discursos","status":"publish","type":"post","link":"http:\/\/portalcatolico.net\/portal\/arte-nos-discursos\/","title":{"rendered":"Arte nos discursos"},"content":{"rendered":"<p>A imagem de um grande parlamento \u00e9 oportuna para ajudar a entender a sociedade brasileira com suas muitas vozes que se levantam, afinadas e semitonadas, por variadas e at\u00e9 contradit\u00f3rias raz\u00f5es. Importante lembrar que a palavra \u201cparlamentar\u201d n\u00e3o se refere apenas aos representantes do povo que ocupam inst\u00e2ncias oficiais constitu\u00eddas. Denota uma atividade que \u00e9 inerente ao exerc\u00edcio da cidadania, relacionada \u00e0 liberdade de express\u00e3o e ao compromisso com a constru\u00e7\u00e3o da sociedade democr\u00e1tica. Sem adequados f\u00f3runs de parlamenta\u00e7\u00e3o, institui\u00e7\u00f5es n\u00e3o avan\u00e7am e nem cumprem a sua miss\u00e3o. &nbsp;Pensar, manifestar e participar, livremente, constituem condi\u00e7\u00f5es intr\u00ednsecas \u00e0 tarefa de parlamentar com o objetivo de emoldurar novo tecido institucional e social. H\u00e1 aqui um especial desafio: cuidar do am\u00e1lgama das diferen\u00e7as, para que sejam alcan\u00e7adas respostas novas e urgentes.<\/p>\n<p>Nesse desafio, inserem-se as cristaliza\u00e7\u00f5es de mentalidades. Muitos se fecham nas pr\u00f3prias perspectivas e agem com intoler\u00e2ncia ante o diferente, manifestando inabilidade para lidar com diverg\u00eancias. \u00c9 inegoci\u00e1vel fazer investimentos e envidar esfor\u00e7os para que a arte dos discursos seja promo\u00e7\u00e3o de di\u00e1logos e entendimentos &#8211; e n\u00e3o autoritarismos e imposi\u00e7\u00f5es interesseiras. Esses autoritarismos e imposi\u00e7\u00f5es banalizam o incondicional respeito a todos, desconsiderando principalmente os mais pobres e vulner\u00e1veis. Est\u00e1 se tornando perigosa e desastrosa a imposi\u00e7\u00e3o de discursos que manipulam ou cerceiam o fluxo de opini\u00f5es. Essas manipula\u00e7\u00f5es ainda distorcem dados para esconder a realidade, desvirtuando a indispens\u00e1vel arte dos discursos. Para melhor compreender o que representa um l\u00edder autorit\u00e1rio e indiferente ao sofrimento dos pobres, \u00e9 oportuno recordar o caso de um califa que, acreditando ser dono da verdade, considerou aceit\u00e1vel queimar a biblioteca de Alexandria, no Egito. O acervo fant\u00e1stico de obras, com muitos discursos l\u00facidos capazes de garantir entendimentos indispens\u00e1veis, foi desprezado e destru\u00eddo por quem se considerava autossuficiente &#8211; detentor da verdade.<\/p>\n<p>P\u00f5e-se, portanto, nas esferas de parlamenta\u00e7\u00e3o da sociedade brasileira o desafio de prestar aten\u00e7\u00e3o na arte dos discursos, avaliando a qualidade e os prop\u00f3sitos das muitas palavras. Caso contr\u00e1rio, instalar-se-\u00e1, cada vez mais, uma \u201cBabel brasileira\u201d. Al\u00e9m de desservi\u00e7o, muitos discursos est\u00e3o se tornando um risco terr\u00edvel para a justi\u00e7a e para a liberdade. Percebe-se que apenas a multiplica\u00e7\u00e3o de vozes n\u00e3o basta. Urgente \u00e9 arquitetar discursos que alavanquem mudan\u00e7as importantes, principalmente aquelas que incidem sobre mentalidades.<\/p>\n<p>Filosoficamente, discurso \u00e9 uma obra com o prop\u00f3sito de gerar nova compreens\u00e3o sobre a realidade. No horizonte da sociedade brasileira, espera-se a constitui\u00e7\u00e3o de um discurso que, ao permitir maior lucidez, seja capaz de configurar novo tecido social e de articular novo projeto pol\u00edtico para o Estado. Anseia-se que a partir da compreens\u00e3o gerada por esse novo discurso se consolide uma civiliza\u00e7\u00e3o fundamentada na igualdade e na solidariedade. Ao inv\u00e9s disso, o que se verifica hoje s\u00e3o entendimentos equivocados e desacertos que levam ao agravamento da desigualdade social, a um modelo econ\u00f4mico excludente que fere a dignidade humana e adoece o meio ambiente.<\/p>\n<p>Problemas complexos exigem perspectivas que n\u00e3o podem ser med\u00edocres. Para respostas qualificadas e urgentes, s\u00e3o necess\u00e1rios entendimentos tamb\u00e9m complexos, constru\u00eddos em um verdadeiro mutir\u00e3o. Est\u00e3o convocados a participar todos os cidad\u00e3os, as institui\u00e7\u00f5es s\u00e9rias e cred\u00edveis da sociedade brasileira, os segmentos educacionais e culturais, servidores do povo nas inst\u00e2ncias governamentais. Todos, com seriedade e compromisso, participem de modo significativo e transformador para construir entendimentos capazes de fazer surgir novo contexto civilizat\u00f3rio. Prevale\u00e7a, em cada lugar, o discurso edificado na toler\u00e2ncia, na sabedoria para administrar as diferen\u00e7as, sem risco de se apegar a um pensamento uniforme, desagregador ou que impe\u00e7a avan\u00e7os. Cada pessoa tenha coragem e abertura para lidar com o confronto de perspectivas. Ao mesmo tempo, seja humilde para escutar. Assim \u00e9 poss\u00edvel superar preconceitos e exercitar-se, com compet\u00eancia, na arte dos discursos, por um novo tempo na pol\u00edtica, na economia e nos diferentes contextos sociais.<\/p>\n<p>&nbsp;<\/p>\n<p>Dom Walmor Oliveira de Azevedo<\/p>\n<p>Arcebispo metropolitano de Belo Horizonte (MG)<\/p>\n<p>Presidente da Confer\u00eancia Nacional dos Bispos do Brasil (CNBB)<\/p>\n","protected":false},"excerpt":{"rendered":"<p>A imagem de um grande parlamento \u00e9 oportuna para ajudar a entender a sociedade brasileira com suas muitas vozes que se levantam, afinadas e semitonadas, por variadas e at\u00e9 contradit\u00f3rias raz\u00f5es. Importante lembrar que a palavra \u201cparlamentar\u201d n\u00e3o se refere apenas aos representantes do povo que ocupam inst\u00e2ncias oficiais constitu\u00eddas. Denota uma atividade que \u00e9&nbsp;<\/p>\n<p><a class=\"btn btn-style\" href=\"http:\/\/portalcatolico.net\/portal\/arte-nos-discursos\/\">Continue Reading<\/a><\/p>\n","protected":false},"author":2,"featured_media":64857,"comment_status":"open","ping_status":"open","sticky":false,"template":"","format":"standard","meta":{"footnotes":""},"categories":[69],"tags":[],"class_list":["post-70285","post","type-post","status-publish","format-standard","has-post-thumbnail","hentry","category-artigos"],"_links":{"self":[{"href":"http:\/\/portalcatolico.net\/portal\/wp-json\/wp\/v2\/posts\/70285","targetHints":{"allow":["GET"]}}],"collection":[{"href":"http:\/\/portalcatolico.net\/portal\/wp-json\/wp\/v2\/posts"}],"about":[{"href":"http:\/\/portalcatolico.net\/portal\/wp-json\/wp\/v2\/types\/post"}],"author":[{"embeddable":true,"href":"http:\/\/portalcatolico.net\/portal\/wp-json\/wp\/v2\/users\/2"}],"replies":[{"embeddable":true,"href":"http:\/\/portalcatolico.net\/portal\/wp-json\/wp\/v2\/comments?post=70285"}],"version-history":[{"count":1,"href":"http:\/\/portalcatolico.net\/portal\/wp-json\/wp\/v2\/posts\/70285\/revisions"}],"predecessor-version":[{"id":70286,"href":"http:\/\/portalcatolico.net\/portal\/wp-json\/wp\/v2\/posts\/70285\/revisions\/70286"}],"wp:featuredmedia":[{"embeddable":true,"href":"http:\/\/portalcatolico.net\/portal\/wp-json\/wp\/v2\/media\/64857"}],"wp:attachment":[{"href":"http:\/\/portalcatolico.net\/portal\/wp-json\/wp\/v2\/media?parent=70285"}],"wp:term":[{"taxonomy":"category","embeddable":true,"href":"http:\/\/portalcatolico.net\/portal\/wp-json\/wp\/v2\/categories?post=70285"},{"taxonomy":"post_tag","embeddable":true,"href":"http:\/\/portalcatolico.net\/portal\/wp-json\/wp\/v2\/tags?post=70285"}],"curies":[{"name":"wp","href":"https:\/\/api.w.org\/{rel}","templated":true}]}}