{"id":70282,"date":"2020-10-02T19:20:17","date_gmt":"2020-10-02T22:20:17","guid":{"rendered":"http:\/\/portalcatolico.net\/portal\/?p=70282"},"modified":"2020-10-02T19:20:17","modified_gmt":"2020-10-02T22:20:17","slug":"dom-odelir-uma-igreja-que-nao-e-missionaria-nao-e-uma-igreja-de-jesus","status":"publish","type":"post","link":"http:\/\/portalcatolico.net\/portal\/dom-odelir-uma-igreja-que-nao-e-missionaria-nao-e-uma-igreja-de-jesus\/","title":{"rendered":"Dom Odelir: \u201cUma igreja que n\u00e3o \u00e9 mission\u00e1ria n\u00e3o \u00e9 uma igreja de Jesus\u201d"},"content":{"rendered":"<p>A Campanha Mission\u00e1ria de 2020 foi aberta na manh\u00e3 do dia 1\u00ba de outubro, festa da Padroeira das Miss\u00f5es, Santa Terezinha do Menino Jesus, no Santu\u00e1rio Nacional de Aparecida. A missa de abertura foi presidida pelo presidente da Comiss\u00e3o Mission\u00e1ria da Confer\u00eancia Nacional dos Bispos do Brasil, Dom Odelir Jos\u00e9 Magri e concelebrada por v\u00e1rios padres.<\/p>\n<p><a href=\"http:\/\/www.pom.org.br\/wp-content\/uploads\/2020\/10\/padre-jovane2.jpeg\" data-featherlight=\"image\"><img loading=\"lazy\" decoding=\"async\" class=\"alignright wp-image-15011\" src=\"http:\/\/www.pom.org.br\/wp-content\/uploads\/2020\/10\/padre-jovane2-300x223.jpeg\" srcset=\"http:\/\/www.pom.org.br\/wp-content\/uploads\/2020\/10\/padre-jovane2-300x223.jpeg 300w, http:\/\/www.pom.org.br\/wp-content\/uploads\/2020\/10\/padre-jovane2-768x570.jpeg 768w, http:\/\/www.pom.org.br\/wp-content\/uploads\/2020\/10\/padre-jovane2-1024x760.jpeg 1024w, http:\/\/www.pom.org.br\/wp-content\/uploads\/2020\/10\/padre-jovane2.jpeg 1056w\" alt=\"Padre-Jovane2\" width=\"400\" height=\"297\"><\/a>Em sua homilia na Bas\u00edlica de Nossa Senhora Aparecida, na abertura da Campanha Mission\u00e1ria neste m\u00eas de outubro, Dom Odelir Jos\u00e9 Magri disse que este m\u00eas \u00e9 um tempo para \u201crefletir junto, rezar junto, aquecer o cora\u00e7\u00e3o na nossa a\u00e7\u00e3o cotidiana mission\u00e1ria, no nosso ser mission\u00e1rio na vida de cada dia em nossas dioceses, par\u00f3quias e comunidades\u201d.<\/p>\n<p>Dom Odelir Magri fez uma sauda\u00e7\u00e3o especial a todos os conselhos mission\u00e1rios diocesanos e pessoas que se dedicam a a\u00e7\u00e3o mission\u00e1ria em suas comunidades e na vida cotidiana.<\/p>\n<p>Lembrando o Evangelho da liturgia da quinta-feira da 26\u00aa semana do Tempo Comum, o presidente da Comiss\u00e3o Mission\u00e1ria da CNBB, explicou que o n\u00famero 72 disc\u00edpulos \u00e9 simb\u00f3lico. \u201cPodemos perguntar por que ent\u00e3o 72 \u00e9 simb\u00f3lico? Ele quer significar abra\u00e7ar todas as na\u00e7\u00f5es do mundo, todos os pa\u00edses e est\u00e1 em sintonia com o envio de Jesus: Ide por todo mundo, batizando em nome do Pai, do Filho e do Esp\u00edrito Santo\u201d.<\/p>\n<p>A miss\u00e3o, segundo o bispo, exige que o projeto de Deus seja levado adiante, com o testemunho e an\u00fancio mission\u00e1rio. Ele lembrou que o primeiro an\u00fancio foi de Jesus, que se fez homem, viveu neste mundo, viveu o mist\u00e9rio da sua paix\u00e3o, morte e ressurrei\u00e7\u00e3o. \u201cA sua morte na cruz \u00e9 para salva\u00e7\u00e3o de todos. Deus n\u00e3o quer que ningu\u00e9m seja exclu\u00eddo por isso que a meta \u00faltima da miss\u00e3o \u00e9 al\u00e9m fronteiras. \u00c9 testemunhar e levar essa mensagem de que n\u00f3s somos salvos pelo mist\u00e9rio da paix\u00e3o, morte e ressurrei\u00e7\u00e3o de Jesus a todos os povos\u201d.<\/p>\n<p>Ao longo de sua reflex\u00e3o Dom Odelir Magri ressaltou tr\u00eas dimens\u00f5es importantes da identidade mission\u00e1ria. A primeira \u00e9 a dimens\u00e3o \u201cQuerigm\u00e1tica\u201d. Ele afirma que todos os batizados s\u00e3o chamados a testemunhar a boa not\u00edcia, \u201cDeus nos amou por primeiro. Deus nos salvou e nos convida a fazer parte desse seu projeto, dessa sua miss\u00e3o. Por isso, somos todos mission\u00e1rios e mission\u00e1rias\u201d. O bispo afirma ainda que \u201ca miss\u00e3o querigm\u00e1tica nos coloca, desde o Papa at\u00e9 o \u00faltimo crist\u00e3o batizado nesta miss\u00e3o, que \u00e9 uma miss\u00e3o eclesial. \u00c9 uma obra de igreja. N\u00e3o \u00e9 uma coisa pessoal, por isso que n\u00f3s enviamos algu\u00e9m em miss\u00e3o. Por isso \u00e9 uma igreja que envia e recebe. \u00c9 levar e testemunhar Jesus Cristo, sua proposta de vida. Uma igreja que n\u00e3o \u00e9 mission\u00e1ria n\u00e3o \u00e9 uma igreja de Jesus\u201d.<\/p>\n<p>A segunda dimens\u00e3o \u00e9 Program\u00e1tica. Dom Odelir Magri explicou que esse crer em Jesus Cristo, de viver a nossa f\u00e9 \u201cde algum modo tem que ser manifestado, tem que ser proclamado, tem que ser dito com palavras, mas, como lembrar-nos S\u00e3o Francisco, se for necess\u00e1rio com palavras. Primeiro com testemunho de vida\u201d. Ainda segundo ele a miss\u00e3o como igreja tem um programa, tem um objetivo, tem metas e envolve pessoas.<\/p>\n<p>O presidente da Comiss\u00e3o Mission\u00e1ria da CNBB lembra que a n\u00edvel de Brasil existe a Comiss\u00e3o Mission\u00e1ria Nacional que envolve todas as for\u00e7as mission\u00e1rias da igreja no Brasil. Recordou que em 2019 foi lan\u00e7ado o Programa Mission\u00e1rio Nacional com suas metas, suas prioridades, frisando que esse programa, essa articula\u00e7\u00e3o envolve os bispos, padres, religiosos, religiosas, leigos, leigas e os seminaristas<\/p>\n<p>Citando o Papa Francisco, Dom Odelir Magri disse que todos somos chamados a \u201cviver a experi\u00eancia de uma igreja em sa\u00edda, uma igreja mission\u00e1ria\u201d. Ele citou ainda este per\u00edodo que vivemos com a pandemia, que, apesar de ser sofrido tem apresentado tantas coisas bonitas, como a solidariedade entre as pessoas. \u201cIsso vem responder ao apelo do Papa Francisco que \u00e9 combater a tenta\u00e7\u00e3o da indiferen\u00e7a. Como mission\u00e1rios e mission\u00e1rias n\u00f3s tamb\u00e9m sofremos, mas, participamos deste gesto de compaix\u00e3o e solidariedade. Por isso que a dimens\u00e3o program\u00e1tica da miss\u00e3o \u00e9 importante. \u00c9 a partir dela que a identidade mission\u00e1ria da igreja se torna vis\u00edvel, pois, viver a miss\u00e3o na dimens\u00e3o querigm\u00e1tica e program\u00e1tica \u00e9 por a miss\u00e3o de Jesus no cora\u00e7\u00e3o da igreja, como afirma o Papa Francisco\u201d<\/p>\n<p><a href=\"http:\/\/www.pom.org.br\/wp-content\/uploads\/2020\/10\/abertura-da-campanha-missionaria-03.jpg\" data-featherlight=\"image\"><img loading=\"lazy\" decoding=\"async\" class=\"alignleft wp-image-15012\" src=\"http:\/\/www.pom.org.br\/wp-content\/uploads\/2020\/10\/abertura-da-campanha-missionaria-03-300x187.jpg\" srcset=\"http:\/\/www.pom.org.br\/wp-content\/uploads\/2020\/10\/abertura-da-campanha-missionaria-03-300x187.jpg 300w, http:\/\/www.pom.org.br\/wp-content\/uploads\/2020\/10\/abertura-da-campanha-missionaria-03-768x479.jpg 768w, http:\/\/www.pom.org.br\/wp-content\/uploads\/2020\/10\/abertura-da-campanha-missionaria-03-1024x639.jpg 1024w, http:\/\/www.pom.org.br\/wp-content\/uploads\/2020\/10\/abertura-da-campanha-missionaria-03.jpg 1299w\" alt=\"abertura-da-campanha-missionaria-03\" width=\"400\" height=\"249\"><\/a>A terceira dimens\u00e3o vem da mensagem para o m\u00eas mission\u00e1rio do Papa Francisco, que afirma que \u201ceu sou uma miss\u00e3o neste mundo, voc\u00ea \u00e9 uma miss\u00e3o neste mundo\u201d. De acordo com o bispo, a miss\u00e3o \u00e9 de Deus e n\u00f3s participamos dela, frisando que a miss\u00e3o n\u00e3o \u00e9 apenas cumprir tarefas e fazer atividades, mesmo sendo isto importante. \u201cA miss\u00e3o \u00e9 todo dia, \u00e9 todos os meses, toda hora \u00e9 o meu jeito de ser, o meu jeito de viver, o meu jeito de ser crist\u00e3o na sociedade a partir da minha profiss\u00e3o e do meu servi\u00e7o na igreja. Como mission\u00e1rio estou anunciando e comunicando aquela experi\u00eancia que eu estou vivendo do encontro com Jesus. Assim como Ele enviou os 72, assim como enviou os 12, assim como chamou e enviou Santa Terezinha e S\u00e3o Francisco Xavier, hoje me chama, chama voc\u00ea\u201d.<\/p>\n<p>Referindo-se ao lema da Campanha Mission\u00e1ria \u2013 \u201cEis-me aqui, envia-me\u201d \u2013 tirado do livro do Profeta Isa\u00edas, Dom Odelir Magri disse que \u00e9 muito atual. \u201cEsse lema \u00e9 atual. \u00c9 como se Deus nos chama hoje, agora. Portanto, a miss\u00e3o n\u00e3o \u00e9 para amanh\u00e3, \u00e9 para hoje e cada um de n\u00f3s \u00e9 chamado a dar a sua resposta naquela que \u00e9 a minha realidade. Vamos ter essa abertura de cora\u00e7\u00e3o para dizer cada vez que Deus nos convoca para afirmar: eis-me aqui, envia-me\u201d.<\/p>\n<p><em>Fonte: Diocese de Petr\u00f3polis<\/em><\/p>\n","protected":false},"excerpt":{"rendered":"<p>A Campanha Mission\u00e1ria de 2020 foi aberta na manh\u00e3 do dia 1\u00ba de outubro, festa da Padroeira das Miss\u00f5es, Santa Terezinha do Menino Jesus, no Santu\u00e1rio Nacional de Aparecida. A missa de abertura foi presidida pelo presidente da Comiss\u00e3o Mission\u00e1ria da Confer\u00eancia Nacional dos Bispos do Brasil, Dom Odelir Jos\u00e9 Magri e concelebrada por v\u00e1rios&nbsp;<\/p>\n<p><a class=\"btn btn-style\" href=\"http:\/\/portalcatolico.net\/portal\/dom-odelir-uma-igreja-que-nao-e-missionaria-nao-e-uma-igreja-de-jesus\/\">Continue Reading<\/a><\/p>\n","protected":false},"author":2,"featured_media":70283,"comment_status":"open","ping_status":"open","sticky":false,"template":"","format":"standard","meta":{"footnotes":""},"categories":[3],"tags":[],"class_list":["post-70282","post","type-post","status-publish","format-standard","has-post-thumbnail","hentry","category-noticias_regionais"],"_links":{"self":[{"href":"http:\/\/portalcatolico.net\/portal\/wp-json\/wp\/v2\/posts\/70282","targetHints":{"allow":["GET"]}}],"collection":[{"href":"http:\/\/portalcatolico.net\/portal\/wp-json\/wp\/v2\/posts"}],"about":[{"href":"http:\/\/portalcatolico.net\/portal\/wp-json\/wp\/v2\/types\/post"}],"author":[{"embeddable":true,"href":"http:\/\/portalcatolico.net\/portal\/wp-json\/wp\/v2\/users\/2"}],"replies":[{"embeddable":true,"href":"http:\/\/portalcatolico.net\/portal\/wp-json\/wp\/v2\/comments?post=70282"}],"version-history":[{"count":1,"href":"http:\/\/portalcatolico.net\/portal\/wp-json\/wp\/v2\/posts\/70282\/revisions"}],"predecessor-version":[{"id":70284,"href":"http:\/\/portalcatolico.net\/portal\/wp-json\/wp\/v2\/posts\/70282\/revisions\/70284"}],"wp:featuredmedia":[{"embeddable":true,"href":"http:\/\/portalcatolico.net\/portal\/wp-json\/wp\/v2\/media\/70283"}],"wp:attachment":[{"href":"http:\/\/portalcatolico.net\/portal\/wp-json\/wp\/v2\/media?parent=70282"}],"wp:term":[{"taxonomy":"category","embeddable":true,"href":"http:\/\/portalcatolico.net\/portal\/wp-json\/wp\/v2\/categories?post=70282"},{"taxonomy":"post_tag","embeddable":true,"href":"http:\/\/portalcatolico.net\/portal\/wp-json\/wp\/v2\/tags?post=70282"}],"curies":[{"name":"wp","href":"https:\/\/api.w.org\/{rel}","templated":true}]}}