{"id":70278,"date":"2020-10-01T20:51:25","date_gmt":"2020-10-01T23:51:25","guid":{"rendered":"http:\/\/portalcatolico.net\/portal\/?p=70278"},"modified":"2020-10-01T20:51:25","modified_gmt":"2020-10-01T23:51:25","slug":"santa-teresinha-e-celebrada-em-itabuna","status":"publish","type":"post","link":"http:\/\/portalcatolico.net\/portal\/santa-teresinha-e-celebrada-em-itabuna\/","title":{"rendered":"Santa Teresinha \u00e9 celebrada em Itabuna"},"content":{"rendered":"<p>O Tr\u00edduo em honra a Santa Teresinha come\u00e7ou nesta quarta-feira, 30 de setembro, e segue at\u00e9 dia 03 de outubro, com o tema: &#8220;<strong>Fam\u00edlia, voca\u00e7\u00e3o e miss\u00e3o<\/strong>&#8220;.<br \/>\nAs celebra\u00e7\u00f5es ser\u00e3o sempre \u00e0s 19h, exceto no s\u00e1bado, que haver\u00e1 uma carreata, \u00e0s 17h, seguida da Missa.<br \/>\nO limite de fi\u00e9is dentro da igreja, por ser pequena, \u00e9 de 30 pessoas, mas haver\u00e1 lugares extras no largo, onde ser\u00e1 colocada uma tv para que mais fi\u00e9is possam acompanhar a celebra\u00e7\u00e3o.<br \/>\nOs devotos e f\u00e9is de Santa Terezinha, padroeira do bairro Antique, em Itabuna,&nbsp; podem acompanhar o Tr\u00edduo, pelas redes sociais da par\u00f3quia Santa In\u00eas. Clique <a href=\"https:\/\/www.youtube.com\/channel\/UCZ_bLEfHKR82nGJRzLeFrUA\"><strong>AQUI<\/strong><\/a> e confira.<br \/>\n<strong>Confira a programa\u00e7\u00e3o nos cartazes.<\/strong><\/p>\n<p><img loading=\"lazy\" decoding=\"async\" class=\"alignnone  wp-image-70279\" src=\"http:\/\/portalcatolico.net\/portal\/wp-content\/uploads\/2020\/10\/b4581b13-645a-4a1c-8e9d-bb2e0539a088-212x300.jpg\" alt=\"\" width=\"823\" height=\"1165\" srcset=\"http:\/\/portalcatolico.net\/portal\/wp-content\/uploads\/2020\/10\/b4581b13-645a-4a1c-8e9d-bb2e0539a088-212x300.jpg 212w, http:\/\/portalcatolico.net\/portal\/wp-content\/uploads\/2020\/10\/b4581b13-645a-4a1c-8e9d-bb2e0539a088-768x1087.jpg 768w, http:\/\/portalcatolico.net\/portal\/wp-content\/uploads\/2020\/10\/b4581b13-645a-4a1c-8e9d-bb2e0539a088-723x1024.jpg 723w, http:\/\/portalcatolico.net\/portal\/wp-content\/uploads\/2020\/10\/b4581b13-645a-4a1c-8e9d-bb2e0539a088.jpg 904w\" sizes=\"auto, (max-width: 823px) 100vw, 823px\" \/><\/p>\n","protected":false},"excerpt":{"rendered":"<p>O Tr\u00edduo em honra a Santa Teresinha come\u00e7ou nesta quarta-feira, 30 de setembro, e segue at\u00e9 dia 03 de outubro, com o tema: &#8220;Fam\u00edlia, voca\u00e7\u00e3o e miss\u00e3o&#8220;. As celebra\u00e7\u00f5es ser\u00e3o sempre \u00e0s 19h, exceto no s\u00e1bado, que haver\u00e1 uma carreata, \u00e0s 17h, seguida da Missa. O limite de fi\u00e9is dentro da igreja, por ser pequena,&nbsp;<\/p>\n<p><a class=\"btn btn-style\" href=\"http:\/\/portalcatolico.net\/portal\/santa-teresinha-e-celebrada-em-itabuna\/\">Continue Reading<\/a><\/p>\n","protected":false},"author":2,"featured_media":70280,"comment_status":"open","ping_status":"open","sticky":false,"template":"","format":"standard","meta":{"footnotes":""},"categories":[2],"tags":[],"class_list":["post-70278","post","type-post","status-publish","format-standard","has-post-thumbnail","hentry","category-eventos"],"_links":{"self":[{"href":"http:\/\/portalcatolico.net\/portal\/wp-json\/wp\/v2\/posts\/70278","targetHints":{"allow":["GET"]}}],"collection":[{"href":"http:\/\/portalcatolico.net\/portal\/wp-json\/wp\/v2\/posts"}],"about":[{"href":"http:\/\/portalcatolico.net\/portal\/wp-json\/wp\/v2\/types\/post"}],"author":[{"embeddable":true,"href":"http:\/\/portalcatolico.net\/portal\/wp-json\/wp\/v2\/users\/2"}],"replies":[{"embeddable":true,"href":"http:\/\/portalcatolico.net\/portal\/wp-json\/wp\/v2\/comments?post=70278"}],"version-history":[{"count":1,"href":"http:\/\/portalcatolico.net\/portal\/wp-json\/wp\/v2\/posts\/70278\/revisions"}],"predecessor-version":[{"id":70281,"href":"http:\/\/portalcatolico.net\/portal\/wp-json\/wp\/v2\/posts\/70278\/revisions\/70281"}],"wp:featuredmedia":[{"embeddable":true,"href":"http:\/\/portalcatolico.net\/portal\/wp-json\/wp\/v2\/media\/70280"}],"wp:attachment":[{"href":"http:\/\/portalcatolico.net\/portal\/wp-json\/wp\/v2\/media?parent=70278"}],"wp:term":[{"taxonomy":"category","embeddable":true,"href":"http:\/\/portalcatolico.net\/portal\/wp-json\/wp\/v2\/categories?post=70278"},{"taxonomy":"post_tag","embeddable":true,"href":"http:\/\/portalcatolico.net\/portal\/wp-json\/wp\/v2\/tags?post=70278"}],"curies":[{"name":"wp","href":"https:\/\/api.w.org\/{rel}","templated":true}]}}