{"id":70275,"date":"2020-10-01T18:53:09","date_gmt":"2020-10-01T21:53:09","guid":{"rendered":"http:\/\/portalcatolico.net\/portal\/?p=70275"},"modified":"2020-10-01T18:53:09","modified_gmt":"2020-10-01T21:53:09","slug":"arcebispo-de-bogota-a-doenca-social-do-odio-e-contagiosa-e-destroi-a-vida","status":"publish","type":"post","link":"http:\/\/portalcatolico.net\/portal\/arcebispo-de-bogota-a-doenca-social-do-odio-e-contagiosa-e-destroi-a-vida\/","title":{"rendered":"Arcebispo de Bogot\u00e1: \u201cA doen\u00e7a social do \u00f3dio \u00e9 contagiosa e destroi a vida&#8221;"},"content":{"rendered":"<div class=\"article__subTitle\">O Primaz da Col\u00f4mbia dedica uma Carta Pastoral \u00e0 &#8220;inimizade social&#8221; que est\u00e1 na raiz dos atentados mortais em todo o pa\u00eds e pede um tempo de cura e um retorno a Deus.<\/div>\n<div>&nbsp;<\/div>\n<div class=\"title__separator\">A inimizade social destr\u00f3i a vida&#8221; \u00e9 o t\u00edtulo da Carta Pastoral do Arcebispo de Bogot\u00e1, Dom Luis Jos\u00e9 Rueda Aparicio, que expressa, mais uma vez, sua rejei\u00e7\u00e3o a todas as formas de atentados contra a vida de mulheres e homens, em \u00e1reas urbanas e rurais da Col\u00f4mbia. Na sua Carta o prelado afirma que al\u00e9m da pandemia da Covid-19, as fam\u00edlias colombianas hoje tamb\u00e9m s\u00e3o v\u00edtimas de uma &#8220;multiforme contracultura que leva a mortes, \u00e9 amea\u00e7adora, violenta, assassina e destrutiva&#8221;.<\/div>\n<div>\n<p><b>Absurda inimizade social<\/b><\/p>\n<p>Dom Rueda nos lembra que somente o Senhor da Paz pode nos libertar da &#8220;absurda inimizade social &#8221; e da &#8220;torpe beliger\u00e2ncia&#8221; que alimenta pol\u00eamicas e conflitos est\u00e9reis na sociedade. Da\u00ed seu convite para &#8220;curar&#8221; a vida social das comunidades rurais, urbanas, afro-descendentes e ind\u00edgenas, mas tamb\u00e9m para &#8220;cuidar&#8221; da vida dos estudantes, migrantes, deslocados e dos mais pobres e vulner\u00e1veis.<\/p>\n<p><b>Somente a amizade social supera o \u00f3dio<\/b><\/p>\n<p>&#8220;A doen\u00e7a social do \u00f3dio \u00e9 contagiosa e destr\u00f3i a vida&#8221;, afirma o Arcebispo de Bogot\u00e1, porque tudo o que produz \u00e9 feito com \u00f3dio, ou seja, a economia, a ci\u00eancia, a arte, a pol\u00edtica, a ecologia e a religi\u00e3o. &#8220;Este \u00e9 um tempo de cura, um tempo de voltar a Deus&#8221;, diz Dom Rueda, argumentando que isto se consegue trabalhando por uma economia ao servi\u00e7o da vida, por uma ci\u00eancia que busca a verdade, por uma pol\u00edtica comprometida com o bem comum e por uma religi\u00e3o que seja um instrumento de reconcilia\u00e7\u00e3o e de paz. Em sua mensagem, o Arcebispo Rueda pede para voltar a amar a vida e superar a indiferen\u00e7a e o pessimismo, para que se possa tomar uma nova dire\u00e7\u00e3o. &#8220;Somente a amizade social supera o \u00f3dio, d\u00e1 lugar ao perd\u00e3o, ao di\u00e1logo, \u00e0 aceita\u00e7\u00e3o, ao maravilhamento com a cria\u00e7\u00e3o, ao cuidado m\u00fatuo e \u00e0 conviv\u00eancia no amor&#8221;.<\/p>\n<\/div>\n<div class=\"article__text \">\n<p><b>Fonte e foto:Vatican News<\/b><\/p>\n<\/div>\n","protected":false},"excerpt":{"rendered":"<p>O Primaz da Col\u00f4mbia dedica uma Carta Pastoral \u00e0 &#8220;inimizade social&#8221; que est\u00e1 na raiz dos atentados mortais em todo o pa\u00eds e pede um tempo de cura e um retorno a Deus. &nbsp; A inimizade social destr\u00f3i a vida&#8221; \u00e9 o t\u00edtulo da Carta Pastoral do Arcebispo de Bogot\u00e1, Dom Luis Jos\u00e9 Rueda Aparicio,&nbsp;<\/p>\n<p><a class=\"btn btn-style\" href=\"http:\/\/portalcatolico.net\/portal\/arcebispo-de-bogota-a-doenca-social-do-odio-e-contagiosa-e-destroi-a-vida\/\">Continue Reading<\/a><\/p>\n","protected":false},"author":2,"featured_media":70276,"comment_status":"open","ping_status":"open","sticky":false,"template":"","format":"standard","meta":{"footnotes":""},"categories":[5],"tags":[],"class_list":["post-70275","post","type-post","status-publish","format-standard","has-post-thumbnail","hentry","category-igreja_no_mundo"],"_links":{"self":[{"href":"http:\/\/portalcatolico.net\/portal\/wp-json\/wp\/v2\/posts\/70275","targetHints":{"allow":["GET"]}}],"collection":[{"href":"http:\/\/portalcatolico.net\/portal\/wp-json\/wp\/v2\/posts"}],"about":[{"href":"http:\/\/portalcatolico.net\/portal\/wp-json\/wp\/v2\/types\/post"}],"author":[{"embeddable":true,"href":"http:\/\/portalcatolico.net\/portal\/wp-json\/wp\/v2\/users\/2"}],"replies":[{"embeddable":true,"href":"http:\/\/portalcatolico.net\/portal\/wp-json\/wp\/v2\/comments?post=70275"}],"version-history":[{"count":1,"href":"http:\/\/portalcatolico.net\/portal\/wp-json\/wp\/v2\/posts\/70275\/revisions"}],"predecessor-version":[{"id":70277,"href":"http:\/\/portalcatolico.net\/portal\/wp-json\/wp\/v2\/posts\/70275\/revisions\/70277"}],"wp:featuredmedia":[{"embeddable":true,"href":"http:\/\/portalcatolico.net\/portal\/wp-json\/wp\/v2\/media\/70276"}],"wp:attachment":[{"href":"http:\/\/portalcatolico.net\/portal\/wp-json\/wp\/v2\/media?parent=70275"}],"wp:term":[{"taxonomy":"category","embeddable":true,"href":"http:\/\/portalcatolico.net\/portal\/wp-json\/wp\/v2\/categories?post=70275"},{"taxonomy":"post_tag","embeddable":true,"href":"http:\/\/portalcatolico.net\/portal\/wp-json\/wp\/v2\/tags?post=70275"}],"curies":[{"name":"wp","href":"https:\/\/api.w.org\/{rel}","templated":true}]}}