{"id":70272,"date":"2020-10-01T18:22:08","date_gmt":"2020-10-01T21:22:08","guid":{"rendered":"http:\/\/portalcatolico.net\/portal\/?p=70272"},"modified":"2020-10-01T18:22:08","modified_gmt":"2020-10-01T21:22:08","slug":"a-12a-edicao-do-mutirao-brasileiro-de-comunicacao-disponibiliza-material-de-divulgacao-e-mobilizacao","status":"publish","type":"post","link":"http:\/\/portalcatolico.net\/portal\/a-12a-edicao-do-mutirao-brasileiro-de-comunicacao-disponibiliza-material-de-divulgacao-e-mobilizacao\/","title":{"rendered":"A 12\u00aa EDI\u00c7\u00c3O DO MUTIR\u00c3O BRASILEIRO DE COMUNICA\u00c7\u00c3O DISPONIBILIZA MATERIAL DE DIVULGA\u00c7\u00c3O E MOBILIZA\u00c7\u00c3O"},"content":{"rendered":"<p>O maior evento de comunica\u00e7\u00e3o eclesial da hist\u00f3ria do Brasil j\u00e1 tem data e local. O Mutir\u00e3o de Comunica\u00e7\u00e3o 2021 ser\u00e1 realizado de 22 a 25 de julho de 2021, na Pontif\u00edcia Universidade Cat\u00f3lica de Minas Gerais, em Belo Horizonte.&nbsp;O tema central do evento \u00e9 \u201cPor uma comunica\u00e7\u00e3o integral: o humano nos novos ecossistemas\u201d. As inscri\u00e7\u00f5es ser\u00e3o abertas no dia 1\u00ba de novembro. Os interessados poder\u00e3o participar na modalidade presencial ou de forma virtual.<\/p>\n<p>O coordenador-geral do Mutir\u00e3o e assessor da Comiss\u00e3o Episcopal Pastoral para a Comunica\u00e7\u00e3o da CNBB, padre Tiago Silva, afirma que tudo est\u00e1 sendo preparado para que o evento seja um divisor de \u00e1guas para a Igreja. \u201cN\u00f3s desejamos que seja \u2018um novo Pentecostes\u2019 para a comunica\u00e7\u00e3o cat\u00f3lica no Brasil. Unindo for\u00e7as, n\u00f3s vislumbramos novos horizontes para que o Evangelho seja anunciado, vivido e, assim, possa iluminar a realidade do povo brasileiro\u201d, explica padre Tiago.<\/p>\n<h3>Encontro de comunicadores da Igreja no Brasil<\/h3>\n<p>O 12\u00ba Mutir\u00e3o de Comunica\u00e7\u00e3o 2021 reunir\u00e1 uma s\u00e9rie de eventos j\u00e1 conhecidos no ambiente da comunica\u00e7\u00e3o eclesial. Os pasconeiros e pasconeiras v\u00e3o participar do 7\u00ba Encontro Nacional da Pascom. Os jornalistas das dioceses, regionais e organismos da CNBB se re\u00fanem no 10\u00ba Encontro de Jornalistas. Comunicadores e pesquisadores da Signis se encontram no 2\u00ba Congresso da Signis Brasil. J\u00e1 os radialistas t\u00eam o 3\u00ba Congresso de R\u00e1dios Cat\u00f3licas do Brasil. O evento re\u00fane ainda comunicadores de TVs de inspira\u00e7\u00e3o cat\u00f3lica, de sites, entre outros.<\/p>\n<p>A realiza\u00e7\u00e3o do Mutir\u00e3o fica a cargo da CNBB, por meio de sua Comiss\u00e3o Episcopal Pastoral para a Comunica\u00e7\u00e3o, Pastoral da Comunica\u00e7\u00e3o (Pascom) Brasil, Signis Brasil e Signis Brasil R\u00e1dio, com apoio da Arquidiocese de Belo Horizonte e da PUC Minas.<\/p>\n<p>Encontre aqui cards, vt, spots para r\u00e1dio e release sobre o evento:&nbsp;<a href=\"https:\/\/drive.google.com\/drive\/folders\/1MtPOpsffGksnNa1L3tWFSq7WXoN5cxF6\">12\u00ba Mutir\u00e3o Brasileiro de Comunica\u00e7\u00e3o&nbsp;<\/a><\/p>\n<p>Fonte:CNBB<\/p>\n","protected":false},"excerpt":{"rendered":"<p>O maior evento de comunica\u00e7\u00e3o eclesial da hist\u00f3ria do Brasil j\u00e1 tem data e local. O Mutir\u00e3o de Comunica\u00e7\u00e3o 2021 ser\u00e1 realizado de 22 a 25 de julho de 2021, na Pontif\u00edcia Universidade Cat\u00f3lica de Minas Gerais, em Belo Horizonte.&nbsp;O tema central do evento \u00e9 \u201cPor uma comunica\u00e7\u00e3o integral: o humano nos novos ecossistemas\u201d. As&nbsp;<\/p>\n<p><a class=\"btn btn-style\" href=\"http:\/\/portalcatolico.net\/portal\/a-12a-edicao-do-mutirao-brasileiro-de-comunicacao-disponibiliza-material-de-divulgacao-e-mobilizacao\/\">Continue Reading<\/a><\/p>\n","protected":false},"author":2,"featured_media":70273,"comment_status":"open","ping_status":"open","sticky":false,"template":"","format":"standard","meta":{"footnotes":""},"categories":[3],"tags":[],"class_list":["post-70272","post","type-post","status-publish","format-standard","has-post-thumbnail","hentry","category-noticias_regionais"],"_links":{"self":[{"href":"http:\/\/portalcatolico.net\/portal\/wp-json\/wp\/v2\/posts\/70272","targetHints":{"allow":["GET"]}}],"collection":[{"href":"http:\/\/portalcatolico.net\/portal\/wp-json\/wp\/v2\/posts"}],"about":[{"href":"http:\/\/portalcatolico.net\/portal\/wp-json\/wp\/v2\/types\/post"}],"author":[{"embeddable":true,"href":"http:\/\/portalcatolico.net\/portal\/wp-json\/wp\/v2\/users\/2"}],"replies":[{"embeddable":true,"href":"http:\/\/portalcatolico.net\/portal\/wp-json\/wp\/v2\/comments?post=70272"}],"version-history":[{"count":1,"href":"http:\/\/portalcatolico.net\/portal\/wp-json\/wp\/v2\/posts\/70272\/revisions"}],"predecessor-version":[{"id":70274,"href":"http:\/\/portalcatolico.net\/portal\/wp-json\/wp\/v2\/posts\/70272\/revisions\/70274"}],"wp:featuredmedia":[{"embeddable":true,"href":"http:\/\/portalcatolico.net\/portal\/wp-json\/wp\/v2\/media\/70273"}],"wp:attachment":[{"href":"http:\/\/portalcatolico.net\/portal\/wp-json\/wp\/v2\/media?parent=70272"}],"wp:term":[{"taxonomy":"category","embeddable":true,"href":"http:\/\/portalcatolico.net\/portal\/wp-json\/wp\/v2\/categories?post=70272"},{"taxonomy":"post_tag","embeddable":true,"href":"http:\/\/portalcatolico.net\/portal\/wp-json\/wp\/v2\/tags?post=70272"}],"curies":[{"name":"wp","href":"https:\/\/api.w.org\/{rel}","templated":true}]}}