{"id":70269,"date":"2020-10-01T18:18:59","date_gmt":"2020-10-01T21:18:59","guid":{"rendered":"http:\/\/portalcatolico.net\/portal\/?p=70269"},"modified":"2020-10-01T18:24:02","modified_gmt":"2020-10-01T21:24:02","slug":"corpo-de-carlo-acutis-esta-incorrupto-isso-e-o-que-deve-saber","status":"publish","type":"post","link":"http:\/\/portalcatolico.net\/portal\/corpo-de-carlo-acutis-esta-incorrupto-isso-e-o-que-deve-saber\/","title":{"rendered":"Corpo de Carlo Acutis est\u00e1 incorrupto? Isso \u00e9 o que deve saber"},"content":{"rendered":"<p>No dia 1\u00ba de outubro foi aberto o t\u00famulo de Carlo Acutis, o adolescente italiano que ser\u00e1 beatificado no s\u00e1bado, 10, e cujo corpo parece n\u00e3o ter sofrido a decomposi\u00e7\u00e3o dos anos; por\u00e9m, pode-se dizer que \u00e9 um corpo incorrupto?<\/p>\n<p>Carlo, chamado de ciberap\u00f3stolo da&nbsp;Eucaristia, faleceu aos 15 anos, em 2006, de leucemia. Com a abertura de seu t\u00famulo a poucos dias de sua beatifica\u00e7\u00e3o em Assis (It\u00e1lia), foram divulgadas&nbsp;imagens&nbsp;do corpo do adolescente, vestido de cal\u00e7a jeans e casaco de moletom, e com um ter\u00e7o nas m\u00e3os.<\/p>\n<p>O estado de conserva\u00e7\u00e3o de seus restos mortais levou muitas pessoas a afirmarem nas redes sociais que se trata de um corpo incorrupto.<\/p>\n<p>No entanto, em declara\u00e7\u00f5es recentes \u00e0&nbsp;<a href=\"https:\/\/www.acidigital.com\/\">ACI<\/a>&nbsp;Prensa\/EWTN, o reitor do Santu\u00e1rio do Despojamento, em Assis, Pe. Carlos Ac\u00e1cio Gon\u00e7alves Ferreira, explicou que o corpo de Acutis \u201cest\u00e1 em um estado muito \u00edntegro, n\u00e3o intacto, mas \u00edntegro. Conserva todos os \u00f3rg\u00e3os\u201d.<\/p>\n<p>Indicou que \u201cJ\u00e1 fizeram trabalhos sobre o rosto, mas \u00e9 bonito que pela primeira vez na hist\u00f3ria ser\u00e1 poss\u00edvel ver um santo vestido de cal\u00e7a jeans, t\u00eanis e moletom. Isso \u00e9 uma grande mensagem\u201d. \u201cPodemos sentir sua santidade n\u00e3o como uma coisa distante, mas como algo ao alcance de todos porque o Senhor \u00e9 o Senhor de todos\u201d, expressou.<\/p>\n<p><strong>Os fi\u00e9is podem venerar seu corpo<\/strong><\/p>\n<p>O Santu\u00e1rio do Despojamento em Assis permanecer\u00e1 aberto de 1\u00ba a 17 de outubro, das 8h15 \u00e0s 22h e em 9, 10 e 11 de outubro at\u00e9 00h00 para permitir que os numerosos fi\u00e9is devotos de Carlo possam venerar seus restos mortais.<\/p>\n<p>No dia 2 de outubro, duas exposi\u00e7\u00f5es de Carlo Acutis ser\u00e3o inauguradas na Catedral de San Rufino e na de Santa Maria dos Anjos: a dos \u201cMilagres eucar\u00edsticos\u201d e a das \u201capari\u00e7\u00f5es marianas\u201d.<\/p>\n<p>\u00c0 tarde, haver\u00e1 um evento online dedicado aos jovens com o t\u00edtulo: \u201cBem-aventurado: na escola da felicidade com Carlo Acutis\u201d realizado pela pastoral juvenil regional.<\/p>\n<p>No dia seguinte, alguns&nbsp;bispos&nbsp;italianos far\u00e3o uma visita \u00e0s 21h ao Santu\u00e1rio do Despojamento para venerar o corpo de Carlo Acutis.<\/p>\n<p>Na segunda-feira, 5 de outubro, a m\u00e3e de Carlo Acutis dar\u00e1 seu testemunho junto com alguns amigos pr\u00f3ximos de Carlo. A reuni\u00e3o ser\u00e1 moderada pelo diretor da assessoria de imprensa do Santo Convento, Pe. Enzo Fortunato.<\/p>\n<p>No dia 9 de outubro, vig\u00edlia da Beatifica\u00e7\u00e3o, ser\u00e1 realizada em Santa Maria dos Anjos uma vig\u00edlia de ora\u00e7\u00e3o, animada pela pastoral juvenil diocesana e com a presen\u00e7a do Bispo Auxiliar de Mil\u00e3o, Dom Paolo Martinelli e do Presidente da Confer\u00eancia Umbra Episcopal, Dom Renato Boccardo.<\/p>\n<p>\u00c0 noite, Assis ser\u00e1 uma &#8220;cidade eucar\u00edstica&#8221; porque haver\u00e1 momentos de adora\u00e7\u00e3o em v\u00e1rias igrejas do centro hist\u00f3rico.<\/p>\n<p>No s\u00e1bado, dia 10 de outubro, ser\u00e1 a Cerim\u00f4nia de Beatifica\u00e7\u00e3o que poder\u00e1 ser acompanhada por tel\u00f5es em diversos pontos da cidade e pelas redes sociais.<\/p>\n<p><em>Publicado originalmente em&nbsp;ACI Prensa. Traduzido e adaptado por Nath\u00e1lia Queiroz.<\/em><\/p>\n<p>Assim est\u00e1 o corpo de Carlo Acutis 14 anos depois de sua morte. Cortesia: Diocese de Assis-Nocera Umbra-Gualdo Tadino<\/p>\n","protected":false},"excerpt":{"rendered":"<p>No dia 1\u00ba de outubro foi aberto o t\u00famulo de Carlo Acutis, o adolescente italiano que ser\u00e1 beatificado no s\u00e1bado, 10, e cujo corpo parece n\u00e3o ter sofrido a decomposi\u00e7\u00e3o dos anos; por\u00e9m, pode-se dizer que \u00e9 um corpo incorrupto? Carlo, chamado de ciberap\u00f3stolo da&nbsp;Eucaristia, faleceu aos 15 anos, em 2006, de leucemia. Com a&nbsp;<\/p>\n<p><a class=\"btn btn-style\" href=\"http:\/\/portalcatolico.net\/portal\/corpo-de-carlo-acutis-esta-incorrupto-isso-e-o-que-deve-saber\/\">Continue Reading<\/a><\/p>\n","protected":false},"author":2,"featured_media":70270,"comment_status":"open","ping_status":"open","sticky":false,"template":"","format":"standard","meta":{"footnotes":""},"categories":[5],"tags":[],"class_list":["post-70269","post","type-post","status-publish","format-standard","has-post-thumbnail","hentry","category-igreja_no_mundo"],"_links":{"self":[{"href":"http:\/\/portalcatolico.net\/portal\/wp-json\/wp\/v2\/posts\/70269","targetHints":{"allow":["GET"]}}],"collection":[{"href":"http:\/\/portalcatolico.net\/portal\/wp-json\/wp\/v2\/posts"}],"about":[{"href":"http:\/\/portalcatolico.net\/portal\/wp-json\/wp\/v2\/types\/post"}],"author":[{"embeddable":true,"href":"http:\/\/portalcatolico.net\/portal\/wp-json\/wp\/v2\/users\/2"}],"replies":[{"embeddable":true,"href":"http:\/\/portalcatolico.net\/portal\/wp-json\/wp\/v2\/comments?post=70269"}],"version-history":[{"count":1,"href":"http:\/\/portalcatolico.net\/portal\/wp-json\/wp\/v2\/posts\/70269\/revisions"}],"predecessor-version":[{"id":70271,"href":"http:\/\/portalcatolico.net\/portal\/wp-json\/wp\/v2\/posts\/70269\/revisions\/70271"}],"wp:featuredmedia":[{"embeddable":true,"href":"http:\/\/portalcatolico.net\/portal\/wp-json\/wp\/v2\/media\/70270"}],"wp:attachment":[{"href":"http:\/\/portalcatolico.net\/portal\/wp-json\/wp\/v2\/media?parent=70269"}],"wp:term":[{"taxonomy":"category","embeddable":true,"href":"http:\/\/portalcatolico.net\/portal\/wp-json\/wp\/v2\/categories?post=70269"},{"taxonomy":"post_tag","embeddable":true,"href":"http:\/\/portalcatolico.net\/portal\/wp-json\/wp\/v2\/tags?post=70269"}],"curies":[{"name":"wp","href":"https:\/\/api.w.org\/{rel}","templated":true}]}}