{"id":70267,"date":"2020-09-30T19:58:53","date_gmt":"2020-09-30T22:58:53","guid":{"rendered":"http:\/\/portalcatolico.net\/portal\/?p=70267"},"modified":"2020-09-30T19:58:53","modified_gmt":"2020-09-30T22:58:53","slug":"comunidade-em-itabuna-celebra-sao-francisco-de-assis-padroeiro-dos-animais-e-da-natureza","status":"publish","type":"post","link":"http:\/\/portalcatolico.net\/portal\/comunidade-em-itabuna-celebra-sao-francisco-de-assis-padroeiro-dos-animais-e-da-natureza\/","title":{"rendered":"Comunidade em Itabuna celebra S\u00e3o Francisco de Assis, padroeiro dos animais e da natureza"},"content":{"rendered":"<div class=\"PlainText\" dir=\"auto\">Com o tema: &#8220;S\u00e3o Francisco, Irm\u00e3o dos pobres e mission\u00e1rio do amor&#8221;, a Comunidade S\u00e3o Francisco de Assis, realiza Tr\u00edduo e Festa em louvor ao padroeiro, S\u00e3o Francisco de Assis, que al\u00e9m de ser padroeiro do bairro Banco Raso, onde a Comunidade \u00e9 sediada, \u00e9 tamb\u00e9m, padroeiro dos animais e da natureza.<br \/>\nO Tr\u00edduo&nbsp;tem in\u00edcio nesta quinta-feira (01\/10) e segue at\u00e9 domingo, 4 de outubro, dia festivo.&nbsp;<\/div>\n<div class=\"PlainText\" dir=\"auto\">Vale ressaltar que a Comunidade&nbsp; S\u00e3o Francisco de Assis comp\u00f5e a Par\u00f3quia Santa Rita de C\u00e1ssia, situada no bairro S\u00e3o Caetano, na cidade e diocese de Itabuna (BA).&nbsp;<\/div>\n<div dir=\"auto\">&nbsp;<\/div>\n<div class=\"PlainText\" dir=\"auto\">O Dia de S\u00e3o Francisco de Assis \u00e9 comemorado anualmente em 4 de outubro.<br \/>\nO Dia de S\u00e3o Francisco de Assis \u00e9 comemorado em homenagem \u00e0 data de sua morte, em 1226. Ap\u00f3s dois anos da sua morte, foi canonizado pelo Papa Greg\u00f3rio IX, sendo considerada uma das mais r\u00e1pidas canoniza\u00e7\u00f5es da<br \/>\nhist\u00f3ria da Igreja. Ele \u00e9 conhecido por abrir m\u00e3o de sua fortuna para se dedicar aos animais, ao meio ambiente e aos leprosos.<br \/>\n<strong>&nbsp; &nbsp; &nbsp; &nbsp; &nbsp; &nbsp; &nbsp; &nbsp; &nbsp; &nbsp; &nbsp; &nbsp; &nbsp; &nbsp; &nbsp; &nbsp; &nbsp; &nbsp; &nbsp; &nbsp; &nbsp; &nbsp; &nbsp; &nbsp; &nbsp; &nbsp; &nbsp; &nbsp; &nbsp; &nbsp; &nbsp; &nbsp; &nbsp; &nbsp;Confira a programa\u00e7\u00e3o:<\/strong><\/div>\n<div class=\"PlainText\" dir=\"auto\">\n<strong>01\/10<\/strong>-1\u00aa noite, com o tema:&#8221; Com S\u00e3o Francisco, queremos ser construtores da paz na fam\u00edlia&#8221;.<br \/>\nRespons\u00e1vel pela liturgia: Legi\u00e3o de Maria.<br \/>\nCelebra\u00e7\u00e3o eucar\u00edstica com in\u00edcio \u00e0s 18h<\/p>\n<p><strong>02\/10-<\/strong>2\u00aa noite, com o tema: &#8220;S\u00e3o Francisco nos ensina a ver a Deus nos irm\u00e3os&#8221;.<br \/>\nOrdem Franciscana Secular (OFS) e Pastoral da Catequese.<br \/>\nCelebra\u00e7\u00e3o eucar\u00edstica com in\u00edcio \u00e0s 18h<\/p>\n<p><strong>03\/10<\/strong>&#8211; 3\u00aa noite, com o tema:&#8221; Exemplo de S\u00e3o Francisco somos chamados a praticar a miseric\u00f3rdia de Deus&#8221;. Respons\u00e1veis pela liturgia:&nbsp; Pastoral do D\u00edzimo<br \/>\nCelebra\u00e7\u00e3o eucar\u00edstica com in\u00edcio \u00e0s 18h.<\/p>\n<p><strong>04\/10-Dia festivo<\/strong><br \/>\n06h: Alvorada e repicar do Sino<br \/>\n06h30: Ben\u00e7\u00e3o dos animais<br \/>\n8h: missa solene<br \/>\nRespons\u00e1veis pela liturgia: Comunidade S\u00e3o Francisco de Assis<\/p>\n<p>A data homenageia um dos santos mais admirados pela comunidade cat\u00f3lica romana: S\u00e3o Francisco de Assis, o padroeiro dos animais e da natureza, tamb\u00e9m conhecido por ser o santo dos pobres.<\/p><\/div>\n<div class=\"PlainText\" dir=\"auto\">Devido a pandemia do coronav\u00edrus, para participar dos preparativos da festa de S\u00e3o Francisco, \u00e9 preciso ligar para a secretaria da par\u00f3quia e agendar a sua participa\u00e7\u00e3o no n\u00famero (73)3717-2722.<\/div>\n","protected":false},"excerpt":{"rendered":"<p>Com o tema: &#8220;S\u00e3o Francisco, Irm\u00e3o dos pobres e mission\u00e1rio do amor&#8221;, a Comunidade S\u00e3o Francisco de Assis, realiza Tr\u00edduo e Festa em louvor ao padroeiro, S\u00e3o Francisco de Assis, que al\u00e9m de ser padroeiro do bairro Banco Raso, onde a Comunidade \u00e9 sediada, \u00e9 tamb\u00e9m, padroeiro dos animais e da natureza. O Tr\u00edduo&nbsp;tem in\u00edcio&nbsp;<\/p>\n<p><a class=\"btn btn-style\" href=\"http:\/\/portalcatolico.net\/portal\/comunidade-em-itabuna-celebra-sao-francisco-de-assis-padroeiro-dos-animais-e-da-natureza\/\">Continue Reading<\/a><\/p>\n","protected":false},"author":2,"featured_media":5027,"comment_status":"open","ping_status":"open","sticky":false,"template":"","format":"standard","meta":{"footnotes":""},"categories":[2],"tags":[],"class_list":["post-70267","post","type-post","status-publish","format-standard","has-post-thumbnail","hentry","category-eventos"],"_links":{"self":[{"href":"http:\/\/portalcatolico.net\/portal\/wp-json\/wp\/v2\/posts\/70267","targetHints":{"allow":["GET"]}}],"collection":[{"href":"http:\/\/portalcatolico.net\/portal\/wp-json\/wp\/v2\/posts"}],"about":[{"href":"http:\/\/portalcatolico.net\/portal\/wp-json\/wp\/v2\/types\/post"}],"author":[{"embeddable":true,"href":"http:\/\/portalcatolico.net\/portal\/wp-json\/wp\/v2\/users\/2"}],"replies":[{"embeddable":true,"href":"http:\/\/portalcatolico.net\/portal\/wp-json\/wp\/v2\/comments?post=70267"}],"version-history":[{"count":1,"href":"http:\/\/portalcatolico.net\/portal\/wp-json\/wp\/v2\/posts\/70267\/revisions"}],"predecessor-version":[{"id":70268,"href":"http:\/\/portalcatolico.net\/portal\/wp-json\/wp\/v2\/posts\/70267\/revisions\/70268"}],"wp:featuredmedia":[{"embeddable":true,"href":"http:\/\/portalcatolico.net\/portal\/wp-json\/wp\/v2\/media\/5027"}],"wp:attachment":[{"href":"http:\/\/portalcatolico.net\/portal\/wp-json\/wp\/v2\/media?parent=70267"}],"wp:term":[{"taxonomy":"category","embeddable":true,"href":"http:\/\/portalcatolico.net\/portal\/wp-json\/wp\/v2\/categories?post=70267"},{"taxonomy":"post_tag","embeddable":true,"href":"http:\/\/portalcatolico.net\/portal\/wp-json\/wp\/v2\/tags?post=70267"}],"curies":[{"name":"wp","href":"https:\/\/api.w.org\/{rel}","templated":true}]}}