{"id":70264,"date":"2020-09-30T19:55:03","date_gmt":"2020-09-30T22:55:03","guid":{"rendered":"http:\/\/portalcatolico.net\/portal\/?p=70264"},"modified":"2020-09-30T19:55:03","modified_gmt":"2020-09-30T22:55:03","slug":"virgem-santissima-sob-o-titulo-de-nossa-senhora-de-nazare-sera-homenageada-em-paroquia-dedicada-a-ela","status":"publish","type":"post","link":"http:\/\/portalcatolico.net\/portal\/virgem-santissima-sob-o-titulo-de-nossa-senhora-de-nazare-sera-homenageada-em-paroquia-dedicada-a-ela\/","title":{"rendered":"Virgem Sant\u00edssima, sob o t\u00edtulo de Nossa Senhora de Nazar\u00e9, ser\u00e1 homenageada em par\u00f3quia dedicada a ela"},"content":{"rendered":"<p>Para render homenagens \u00e0 Nossa Senhora de Nazar\u00e9, a par\u00f3quia dedicada a ela, localizada no bairro de mesmo nome, realizar\u00e1 o noven\u00e1rio de 2 a 10 de outubro, \u00e0 luz do tema &#8220;O senhor viu a pequenez de sua serva&#8221;. As celebra\u00e7\u00f5es que antecedem o dia festivo (11) acontecem na Matriz (Pra\u00e7a Conselheiro Almeida Couto, Nazar\u00e9), \u00e0s 19h30, com exce\u00e7\u00e3o dos dias 3, 4 e 10, quando os devotos se re\u00fanem 1h mais cedo, portanto, \u00e0s 18h30. \u00c9 importante recordar que, devido \u00e0 pandemia, apenas um n\u00famero reduzido de fi\u00e9is poder\u00e1 participar presencialmente. Contudo, a programa\u00e7\u00e3o completa tamb\u00e9m ser\u00e1 transmitida, ao vivo, atrav\u00e9s do Instagram @paroquiansn e do YouTube [para localizar o canal, o internauta deve inserir o nome da par\u00f3quia na caixa de busca].<\/p>\n<p>Durante a novena, a cada noite os fi\u00e9is poder\u00e3o realizar um gesto concreto, por meio de doa\u00e7\u00e3o de arroz, a\u00e7\u00facar, biscoito, \u00f3leo, leite, farinha, caf\u00e9, feij\u00e3o e leite, na respectiva ordem. Al\u00e9m do noven\u00e1rio, a comunidade tamb\u00e9m poder\u00e1 participar das Missas e da adora\u00e7\u00e3o ao Sant\u00edssimo Sacramento, que ocorrer\u00e3o durante o dia, na Matriz: Missa da Miseric\u00f3rdia, \u00e0s 12h (1\u00ba dia), Missa Mariana, \u00e0s 8h (2\u00ba dia), Missa com o Sacramento da Un\u00e7\u00e3o dos Enfermos, \u00e0s 10h (3\u00ba dia), Missa de Santo Ant\u00f4nio, \u00e0s 8h (5\u00ba dia), Missa de cura, \u00e0s 15h (6\u00ba dia), adora\u00e7\u00e3o ao Sant\u00edssimo Sacramento, \u00e0s 9h (7\u00ba dia), Missa da Divina Miseric\u00f3rdia (8\u00ba dia) e Missa de Nossa Senhora Aparecida (9\u00ba dia).<\/p>\n<p>No dia da padroeira (11), os festejos ter\u00e3o in\u00edcio \u00e0s 6h, com alvorada e, em seguida, com a recita\u00e7\u00e3o do Of\u00edcio de Nossa Senhora e Missa, que ser\u00e1 celebrada pelo p\u00e1roco, c\u00f4nego Nilberto Gonzaga de S\u00e1. J\u00e1 \u00e0s 8h, os fi\u00e9is tamb\u00e9m poder\u00e3o acompanhar a Missa Solene, sob a presid\u00eancia do Arcebispo de Salvador e Primaz do Brasil, Cardeal Dom Sergio da Rocha. Ainda no dia festivo, ser\u00e1 celebrada a Missa com ora\u00e7\u00e3o por cura e liberta\u00e7\u00e3o, sob a presid\u00eancia do padre Carlos Augusto da Cruz Silva, \u00e0s 10h. A \u00faltima Missa ser\u00e1 celebrada pelo c\u00f4nego Juraci Gomes de Oliveira, \u00e0s 16h.<\/p>\n<p>Os festejos ser\u00e3o encerrados com a carreata, que ter\u00e1 in\u00edcio \u00e0s 17h30, e conduzir\u00e1 a imagem de Nossa Senhora de Nazar\u00e9 por ruas pr\u00f3ximas \u00e0 Matriz: Pra\u00e7a Conselheiro Almeida Couto, Rua do Limoeiro, Rua do Cabral, Avenida Joana Ang\u00e9lica e Largo Campo da P\u00f3lvora.&nbsp;<\/p>\n<p>Foto:Reprodu\u00e7ao\/Internet<\/p>\n<p>Por: Sara Gomes\/Arquidiocese de Salvador(BA)<\/p>\n","protected":false},"excerpt":{"rendered":"<p>Para render homenagens \u00e0 Nossa Senhora de Nazar\u00e9, a par\u00f3quia dedicada a ela, localizada no bairro de mesmo nome, realizar\u00e1 o noven\u00e1rio de 2 a 10 de outubro, \u00e0 luz do tema &#8220;O senhor viu a pequenez de sua serva&#8221;. As celebra\u00e7\u00f5es que antecedem o dia festivo (11) acontecem na Matriz (Pra\u00e7a Conselheiro Almeida Couto,&nbsp;<\/p>\n<p><a class=\"btn btn-style\" href=\"http:\/\/portalcatolico.net\/portal\/virgem-santissima-sob-o-titulo-de-nossa-senhora-de-nazare-sera-homenageada-em-paroquia-dedicada-a-ela\/\">Continue Reading<\/a><\/p>\n","protected":false},"author":2,"featured_media":70265,"comment_status":"open","ping_status":"open","sticky":false,"template":"","format":"standard","meta":{"footnotes":""},"categories":[3],"tags":[],"class_list":["post-70264","post","type-post","status-publish","format-standard","has-post-thumbnail","hentry","category-noticias_regionais"],"_links":{"self":[{"href":"http:\/\/portalcatolico.net\/portal\/wp-json\/wp\/v2\/posts\/70264","targetHints":{"allow":["GET"]}}],"collection":[{"href":"http:\/\/portalcatolico.net\/portal\/wp-json\/wp\/v2\/posts"}],"about":[{"href":"http:\/\/portalcatolico.net\/portal\/wp-json\/wp\/v2\/types\/post"}],"author":[{"embeddable":true,"href":"http:\/\/portalcatolico.net\/portal\/wp-json\/wp\/v2\/users\/2"}],"replies":[{"embeddable":true,"href":"http:\/\/portalcatolico.net\/portal\/wp-json\/wp\/v2\/comments?post=70264"}],"version-history":[{"count":1,"href":"http:\/\/portalcatolico.net\/portal\/wp-json\/wp\/v2\/posts\/70264\/revisions"}],"predecessor-version":[{"id":70266,"href":"http:\/\/portalcatolico.net\/portal\/wp-json\/wp\/v2\/posts\/70264\/revisions\/70266"}],"wp:featuredmedia":[{"embeddable":true,"href":"http:\/\/portalcatolico.net\/portal\/wp-json\/wp\/v2\/media\/70265"}],"wp:attachment":[{"href":"http:\/\/portalcatolico.net\/portal\/wp-json\/wp\/v2\/media?parent=70264"}],"wp:term":[{"taxonomy":"category","embeddable":true,"href":"http:\/\/portalcatolico.net\/portal\/wp-json\/wp\/v2\/categories?post=70264"},{"taxonomy":"post_tag","embeddable":true,"href":"http:\/\/portalcatolico.net\/portal\/wp-json\/wp\/v2\/tags?post=70264"}],"curies":[{"name":"wp","href":"https:\/\/api.w.org\/{rel}","templated":true}]}}