{"id":70261,"date":"2020-09-27T20:36:35","date_gmt":"2020-09-27T23:36:35","guid":{"rendered":"http:\/\/portalcatolico.net\/portal\/?p=70261"},"modified":"2020-09-27T20:36:35","modified_gmt":"2020-09-27T23:36:35","slug":"papa-no-angelus-jesus-nos-pede-uma-fe-que-muda-a-vida-nao-de-fachada","status":"publish","type":"post","link":"http:\/\/portalcatolico.net\/portal\/papa-no-angelus-jesus-nos-pede-uma-fe-que-muda-a-vida-nao-de-fachada\/","title":{"rendered":"Papa no Angelus: Jesus nos pede uma f\u00e9 que muda a vida, n\u00e3o &#8220;de fachada&#8221;"},"content":{"rendered":"<div class=\"article__subTitle\">Na alocu\u00e7\u00e3o que precedeu a Ora\u00e7\u00e3o Mariana do Angelus, Francisco usou da par\u00e1bola &#8220;dos dois irm\u00e3os&#8221; do Evangelho deste domingo (27), do exemplo que brota dentro das fam\u00edlias, para nos mostrar o caminho da convers\u00e3o, que &#8220;\u00e0s vezes \u00e9 doloroso&#8221;, exige ren\u00fancia e combate espiritual &#8220;para n\u00e3o cair na tenta\u00e7\u00e3o&#8221;. A vida crist\u00e3 &#8220;n\u00e3o \u00e9 feita de sonhos e de belas aspira\u00e7\u00f5es, mas de compromissos concretos para nos abrir cada vez mais \u00e0 vontade de Deus e ao amor pelos irm\u00e3os&#8221;. Mas isso, advertiu o Pont\u00edfice, &#8220;n\u00e3o pode ser feito sem a gra\u00e7a&#8221; de ser um bom crist\u00e3o.<\/div>\n<div>&nbsp;<\/div>\n<div class=\"title__separator\">Um domingo chuvoso, t\u00edpico de in\u00edcio de outono no hemisf\u00e9rio norte, n\u00e3o espantou os peregrinos que foram \u00e0 Pra\u00e7a S\u00e3o Pedro rezar com o Papa Francisco a Ora\u00e7\u00e3o Mariana do Angelus. &#8220;Na minha terra se diz: &#8216;com mau tempo, cara boa&#8217;. Com essa &#8216;cara boa&#8217; eu digo a voc\u00eas: bom dia!&#8221;, disse o Pont\u00edfice ao saudar os fi\u00e9is que enfrentavam a forte chuva, entre uma colorida sele\u00e7\u00e3o de guarda-chuvas e bandeiras.&nbsp;<\/div>\n<div>\n<p>Ao comentar o Evangelho do dia (cf. 21:28-32), o Papa usou a par\u00e1bola dos dois filhos para nos ensinar sobre a convers\u00e3o, para aprendermos a passar da palavra \u00e0 a\u00e7\u00e3o. Enquanto um deles negou o trabalho na vinha e depois se arrependeu; o outro filho disse imediatamente sim, mas, na realidade, n\u00e3o correspondeu ao pedido do pai.<\/p>\n<p><i>\u201cA obedi\u00eancia n\u00e3o consiste em dizer \u2018sim\u2019 ou \u2018n\u00e3o\u2019, mas sempre em agir, em cultivar a vinha, em realizar o Reino de Deus, em fazer o bem. Com esse simples exemplo, Jesus quer superar uma religi\u00e3o entendida apenas como pr\u00e1tica externa e habitual, que n\u00e3o afeta a vida e as atitudes das pessoas, uma religiosidade superficial, somente &#8216;ritual&#8217;, no sentido feio da palavra.\u201d<\/i><\/p>\n<p><strong>Os privilegiados da Gra\u00e7a<\/strong><\/p>\n<p>O Pont\u00edfice, ent\u00e3o, ao comentar a par\u00e1bola, disse que os publicanos e as prostitutas, &#8220;isto \u00e9, os pecadores&#8221;, precedem, ao Reino dos C\u00e9us, aos \u201cexpoentes dessa religiosidade \u2018de fachada\u2019, que Jesus desaprova, que, naquela \u00e9poca, eram \u2018os sumos sacerdotes e os anci\u00e3os do povo\u2019 (Mt 21,23).&nbsp;<\/p>\n<p><i>\u201cEssa afirma\u00e7\u00e3o n\u00e3o deve nos levar a pensar que aqueles que se d\u00e3o bem s\u00e3o aqueles que n\u00e3o seguem os mandamentos de Deus, aqueles que n\u00e3o seguem a moral, e dizem: \u2018em todo caso, aqueles que v\u00e3o \u00e0 Igreja s\u00e3o piores do que n\u00f3s\u2019. N\u00e3o, n\u00e3o \u00e9 esse o ensinamento de Jesus. Jesus n\u00e3o aponta os publicanos e as prostitutas como modelos de vida, mas como \u2018privilegiados da Gra\u00e7a\u2019. E gostaria de enfatizar essa palavra &#8216;gra\u00e7a&#8217;, a gra\u00e7a, porque a convers\u00e3o sempre \u00e9 uma gra\u00e7a. Uma gra\u00e7a que Deus oferece a qualquer um que se abre e se converte a Ele. De fato, essas pessoas, ouvindo a sua prega\u00e7\u00e3o, se arrependeram e mudaram a vida.\u201d<\/i><\/p>\n<p>A&nbsp; miseric\u00f3rdia sem limites de Deus<\/p>\n<div>\n<aside class=\"article__readmore\">\n<div class=\"teaser--labelEvidence teaser teaser--type-angelus \">\n<article>\n<div class=\"teaser__contentWrapper\">\n<p class=\"teaser__title\"><span style=\"font-size: 16px;\">O Papa encorajou, assim, \u00e0 convers\u00e3o, porque \u201cDeus \u00e9 paciente conosco: n\u00e3o se cansa, n\u00e3o desiste depois do nosso \u2018n\u00e3o\u2019\u201d e nem de quando nos afastamos ou cometemos erros. O Senhor sempre no acolhe para \u201cnos encher da sua miseric\u00f3rdia sem limites\u201d.<\/span><\/p>\n<p><i>\u201cA f\u00e9 em Deus pede para renovar todos os dias a escolha do bem em detrimento do mal, a escolha da verdade em detrimento da mentira, a escolha do amor ao pr\u00f3ximo em detrimento do ego\u00edsmo. Quem se converte a essa escolha, ap\u00f3s ter experimentado o pecado, encontrar\u00e1 os primeiros lugares no Reino dos C\u00e9us, onde h\u00e1 mais alegria para um \u00fanico pecador que se converte do que para 99 justos (cf. Lc 15,7).\u201d<\/i><\/p>\n<p><strong>O processo de purifica\u00e7\u00e3o da convers\u00e3o<\/strong><\/p>\n<p>Francisco, ent\u00e3o, ao concluir a mensagem ao povo de Deus neste domingo (27), pediu a intercess\u00e3o da Virgem Maria para nos ajudar nesse processo de convers\u00e3o, atrav\u00e9s da a\u00e7\u00e3o do Esp\u00edrito Santo, que \u201cderrete a dureza dos cora\u00e7\u00f5es e os disp\u00f5e ao arrependimento\u201d.<\/p>\n<p><i>\u201cA convers\u00e3o, mudar o cora\u00e7\u00e3o, \u00e9 um processo que purifica das incrusta\u00e7\u00f5es morais. E, \u00e0s vezes, \u00e9 um processo doloroso, porque n\u00e3o h\u00e1 caminho da santidade sem alguma ren\u00fancia e sem o combate espiritual. [\u2026] O Evangelho de hoje p\u00f5e em quest\u00e3o a maneira de viver a vida crist\u00e3, que n\u00e3o \u00e9 feita de sonhos e de belas aspira\u00e7\u00f5es, mas de compromissos concretos para nos abrir cada vez mais \u00e0 vontade de Deus e ao amor pelos irm\u00e3os. Mas isso, inclusive o menor empenho concreto, n\u00e3o pode ser feito sem a gra\u00e7a. A convers\u00e3o \u00e9 uma gra\u00e7a que devemos pedir sempre: &#8216;Senhor, me d\u00ea a gra\u00e7a de melhorar, a gra\u00e7a de ser um bom crist\u00e3o.\u201d<\/i><\/p>\n<\/div>\n<\/article>\n<\/div>\n<\/aside>\n<\/div>\n<\/div>\n<div class=\"article__text \">\n<p><b>Por Andressa Collet \u2013 Vatican News<\/b><\/p>\n<\/div>\n","protected":false},"excerpt":{"rendered":"<p>Na alocu\u00e7\u00e3o que precedeu a Ora\u00e7\u00e3o Mariana do Angelus, Francisco usou da par\u00e1bola &#8220;dos dois irm\u00e3os&#8221; do Evangelho deste domingo (27), do exemplo que brota dentro das fam\u00edlias, para nos mostrar o caminho da convers\u00e3o, que &#8220;\u00e0s vezes \u00e9 doloroso&#8221;, exige ren\u00fancia e combate espiritual &#8220;para n\u00e3o cair na tenta\u00e7\u00e3o&#8221;. A vida crist\u00e3 &#8220;n\u00e3o \u00e9&nbsp;<\/p>\n<p><a class=\"btn btn-style\" href=\"http:\/\/portalcatolico.net\/portal\/papa-no-angelus-jesus-nos-pede-uma-fe-que-muda-a-vida-nao-de-fachada\/\">Continue Reading<\/a><\/p>\n","protected":false},"author":2,"featured_media":70262,"comment_status":"open","ping_status":"open","sticky":false,"template":"","format":"standard","meta":{"footnotes":""},"categories":[5],"tags":[],"class_list":["post-70261","post","type-post","status-publish","format-standard","has-post-thumbnail","hentry","category-igreja_no_mundo"],"_links":{"self":[{"href":"http:\/\/portalcatolico.net\/portal\/wp-json\/wp\/v2\/posts\/70261","targetHints":{"allow":["GET"]}}],"collection":[{"href":"http:\/\/portalcatolico.net\/portal\/wp-json\/wp\/v2\/posts"}],"about":[{"href":"http:\/\/portalcatolico.net\/portal\/wp-json\/wp\/v2\/types\/post"}],"author":[{"embeddable":true,"href":"http:\/\/portalcatolico.net\/portal\/wp-json\/wp\/v2\/users\/2"}],"replies":[{"embeddable":true,"href":"http:\/\/portalcatolico.net\/portal\/wp-json\/wp\/v2\/comments?post=70261"}],"version-history":[{"count":1,"href":"http:\/\/portalcatolico.net\/portal\/wp-json\/wp\/v2\/posts\/70261\/revisions"}],"predecessor-version":[{"id":70263,"href":"http:\/\/portalcatolico.net\/portal\/wp-json\/wp\/v2\/posts\/70261\/revisions\/70263"}],"wp:featuredmedia":[{"embeddable":true,"href":"http:\/\/portalcatolico.net\/portal\/wp-json\/wp\/v2\/media\/70262"}],"wp:attachment":[{"href":"http:\/\/portalcatolico.net\/portal\/wp-json\/wp\/v2\/media?parent=70261"}],"wp:term":[{"taxonomy":"category","embeddable":true,"href":"http:\/\/portalcatolico.net\/portal\/wp-json\/wp\/v2\/categories?post=70261"},{"taxonomy":"post_tag","embeddable":true,"href":"http:\/\/portalcatolico.net\/portal\/wp-json\/wp\/v2\/tags?post=70261"}],"curies":[{"name":"wp","href":"https:\/\/api.w.org\/{rel}","templated":true}]}}