{"id":70258,"date":"2020-09-27T20:32:25","date_gmt":"2020-09-27T23:32:25","guid":{"rendered":"http:\/\/portalcatolico.net\/portal\/?p=70258"},"modified":"2020-09-27T20:32:25","modified_gmt":"2020-09-27T23:32:25","slug":"live-dos-jovens-conectados-vai-mostrar-experiencias-samaritanas-das-expressoes-juvenis-do-brasil-na-pandemia","status":"publish","type":"post","link":"http:\/\/portalcatolico.net\/portal\/live-dos-jovens-conectados-vai-mostrar-experiencias-samaritanas-das-expressoes-juvenis-do-brasil-na-pandemia\/","title":{"rendered":"LIVE DOS JOVENS CONECTADOS VAI MOSTRAR EXPERI\u00caNCIAS SAMARITANAS DAS EXPRESS\u00d5ES JUVENIS DO BRASIL NA PANDEMIA"},"content":{"rendered":"<p>De norte a sul multiplicaram-se gestos de solidariedade para com os mais afetados pelos efeitos da pandemia do novo corona v\u00edrus. Arrecada\u00e7\u00e3o e distribui\u00e7\u00e3o de alimentos, de material de limpeza para fam\u00edlias carentes e desempregados, tamb\u00e9m para lares de idosos, distribui\u00e7\u00e3o de alimentos para moradores de rua e cuidados b\u00e1sicos de higiene.<\/p>\n<p>Assist\u00eancia escolar a crian\u00e7as sem acesso \u00e0 internet, cursos de prepara\u00e7\u00e3o para o ENEM e vestibular, entre outros. Muitas as iniciativas est\u00e3o sendo desenvolvidas por grupos de jovens de diversas express\u00f5es juvenis.<\/p>\n<h3>Que tal conhecer mais algumas?<img loading=\"lazy\" decoding=\"async\" class=\"size-medium wp-image-249553 alignright lazyloaded\" src=\"https:\/\/eadn-wc02-718006.nxedge.io\/cdn\/wp-content\/uploads\/2020\/09\/Convite-Geral-Live-Conectados-300x300.png\" sizes=\"auto, (max-width: 300px) 100vw, 300px\" srcset=\"https:\/\/eadn-wc02-718006.nxedge.io\/cdn\/wp-content\/uploads\/2020\/09\/Convite-Geral-Live-Conectados-300x300.png 300w, https:\/\/eadn-wc02-718006.nxedge.io\/cdn\/wp-content\/uploads\/2020\/09\/Convite-Geral-Live-Conectados-150x150.png 150w, https:\/\/eadn-wc02-718006.nxedge.io\/cdn\/wp-content\/uploads\/2020\/09\/Convite-Geral-Live-Conectados-500x500.png 500w, https:\/\/eadn-wc02-718006.nxedge.io\/cdn\/wp-content\/uploads\/2020\/09\/Convite-Geral-Live-Conectados.png 768w\" alt=\"\" width=\"300\" height=\"300\" data-srcset=\"https:\/\/eadn-wc02-718006.nxedge.io\/cdn\/wp-content\/uploads\/2020\/09\/Convite-Geral-Live-Conectados-300x300.png 300w, https:\/\/eadn-wc02-718006.nxedge.io\/cdn\/wp-content\/uploads\/2020\/09\/Convite-Geral-Live-Conectados-150x150.png 150w, https:\/\/eadn-wc02-718006.nxedge.io\/cdn\/wp-content\/uploads\/2020\/09\/Convite-Geral-Live-Conectados-500x500.png 500w, https:\/\/eadn-wc02-718006.nxedge.io\/cdn\/wp-content\/uploads\/2020\/09\/Convite-Geral-Live-Conectados.png 768w\" data-src=\"https:\/\/eadn-wc02-718006.nxedge.io\/cdn\/wp-content\/uploads\/2020\/09\/Convite-Geral-Live-Conectados-300x300.png\" data-sizes=\"(max-width: 300px) 100vw, 300px\"><\/h3>\n<p>No dia 30 de setembro, \u00e0s 19h (hor\u00e1rio de Bras\u00edlia-DF), vai ao ar a live com o tema: \u201cPastoral Juvenil Samaritana em A\u00e7\u00e3o\u201d, ao vivo no Facebook e Youtube dos Jovens Conectados e das Edi\u00e7\u00f5es CNBB para divulgar estes gestos e tamb\u00e9m para receber doa\u00e7\u00f5es para projetos sociais da Igreja em todo o Brasil.<\/p>\n<p><strong>Convidados e experi\u00eancias<\/strong><\/p>\n<p>Al\u00e9m das presen\u00e7as do bispo de Guarapuava (SP) e membro da Comiss\u00e3o da Juventude da CNBB dom Amilton Manoel da Silva, e da assessora para Juventude na CNBB, irm\u00e3 Val\u00e9ria Andrade Leal, jovens de algumas express\u00f5es juvenis compartilhar\u00e3o suas experi\u00eancias de a\u00e7\u00e3o solid\u00e1ria. A live faz parte do Projeto Esperan\u00e7a e Solidariedade promovida pela CNBB, editoras e livrarias cat\u00f3licas e Associa\u00e7\u00e3o Nacional das Escolas Cat\u00f3licas (ANEC). Ser\u00e3o cinco lives abordando o tema por perspectivas diferentes.<\/p>\n<p><strong>Agenda 2020:<\/strong><\/p>\n<p><strong>30 de setembro \u2013&nbsp;<\/strong>Tema: &nbsp;<em>Pastoral Juvenil Samaritana em tempos de pandemia<\/em><br \/>\n<strong>15 de outubro \u2013&nbsp;<\/strong>Tema:&nbsp;<em>Pacto Educativo Global<\/em><br \/>\n<strong>21 de outubro:<\/strong>&nbsp;Tema:&nbsp;<em>Perspectiva Mission\u00e1ria<\/em><br \/>\n<strong>11 de novembro:<\/strong>&nbsp;Tema:&nbsp;<em>Dia Mundial dos Pobres e erradica\u00e7\u00e3o da mis\u00e9ria no mundo<\/em><br \/>\n<strong>22 de novembro:<\/strong>&nbsp;Tema:&nbsp;<em>Coleta do Bem<\/em><\/p>\n<p>Fonte: CNBB<\/p>\n","protected":false},"excerpt":{"rendered":"<p>De norte a sul multiplicaram-se gestos de solidariedade para com os mais afetados pelos efeitos da pandemia do novo corona v\u00edrus. Arrecada\u00e7\u00e3o e distribui\u00e7\u00e3o de alimentos, de material de limpeza para fam\u00edlias carentes e desempregados, tamb\u00e9m para lares de idosos, distribui\u00e7\u00e3o de alimentos para moradores de rua e cuidados b\u00e1sicos de higiene. Assist\u00eancia escolar a&nbsp;<\/p>\n<p><a class=\"btn btn-style\" href=\"http:\/\/portalcatolico.net\/portal\/live-dos-jovens-conectados-vai-mostrar-experiencias-samaritanas-das-expressoes-juvenis-do-brasil-na-pandemia\/\">Continue Reading<\/a><\/p>\n","protected":false},"author":2,"featured_media":70259,"comment_status":"open","ping_status":"open","sticky":false,"template":"","format":"standard","meta":{"footnotes":""},"categories":[3],"tags":[],"class_list":["post-70258","post","type-post","status-publish","format-standard","has-post-thumbnail","hentry","category-noticias_regionais"],"_links":{"self":[{"href":"http:\/\/portalcatolico.net\/portal\/wp-json\/wp\/v2\/posts\/70258","targetHints":{"allow":["GET"]}}],"collection":[{"href":"http:\/\/portalcatolico.net\/portal\/wp-json\/wp\/v2\/posts"}],"about":[{"href":"http:\/\/portalcatolico.net\/portal\/wp-json\/wp\/v2\/types\/post"}],"author":[{"embeddable":true,"href":"http:\/\/portalcatolico.net\/portal\/wp-json\/wp\/v2\/users\/2"}],"replies":[{"embeddable":true,"href":"http:\/\/portalcatolico.net\/portal\/wp-json\/wp\/v2\/comments?post=70258"}],"version-history":[{"count":1,"href":"http:\/\/portalcatolico.net\/portal\/wp-json\/wp\/v2\/posts\/70258\/revisions"}],"predecessor-version":[{"id":70260,"href":"http:\/\/portalcatolico.net\/portal\/wp-json\/wp\/v2\/posts\/70258\/revisions\/70260"}],"wp:featuredmedia":[{"embeddable":true,"href":"http:\/\/portalcatolico.net\/portal\/wp-json\/wp\/v2\/media\/70259"}],"wp:attachment":[{"href":"http:\/\/portalcatolico.net\/portal\/wp-json\/wp\/v2\/media?parent=70258"}],"wp:term":[{"taxonomy":"category","embeddable":true,"href":"http:\/\/portalcatolico.net\/portal\/wp-json\/wp\/v2\/categories?post=70258"},{"taxonomy":"post_tag","embeddable":true,"href":"http:\/\/portalcatolico.net\/portal\/wp-json\/wp\/v2\/tags?post=70258"}],"curies":[{"name":"wp","href":"https:\/\/api.w.org\/{rel}","templated":true}]}}