{"id":70253,"date":"2020-09-28T00:24:10","date_gmt":"2020-09-28T03:24:10","guid":{"rendered":"http:\/\/portalcatolico.net\/portal\/?p=70253"},"modified":"2020-09-27T20:27:36","modified_gmt":"2020-09-27T23:27:36","slug":"vem-ai-o-8-congresso-diocesano-da-rcc-da-diocese-de-itabuna","status":"publish","type":"post","link":"http:\/\/portalcatolico.net\/portal\/vem-ai-o-8-congresso-diocesano-da-rcc-da-diocese-de-itabuna\/","title":{"rendered":"Vem a\u00ed o 8\u00b0 Congresso Diocesano da RCC da diocese de Itabuna"},"content":{"rendered":"<div class=\"PlainText\" dir=\"auto\">O coordenador da RCC da diocese de Itabuna, Amistron Lira, anunciou com exclusividade pelo canal do Youtube da RCC, neste fim de semana, que nos dias 17 e 18 de outubro, vai acontecer o 8\u00b0 Congresso Diocesano da Renova\u00e7\u00e3o Carism\u00e1tica Cat\u00f3lica da diocese de Itabuna, do sul da Bahia. Os dois dia do evento, ser\u00e1 online,pelo canal da RCC. Al\u00e9m dos carism\u00e1ticos, outros irm\u00e3os, de outras pastorais e movimentos, podem participar.<\/div>\n<div class=\"PlainText\" dir=\"auto\">Vale ressaltar que devido a pandemia, todo o encontro ser\u00e1 online,&nbsp; principalmente para todos os grupos de Ora\u00e7\u00e3o da RCC e os carism\u00e1ticos da diocese de Itabuna (que \u00e9 formada por 33 paroquias em 17 munic\u00edpios do sul baiano).&nbsp;<\/div>\n<div class=\"PlainText\" dir=\"auto\">O pr\u00e9-congresso&nbsp; contou com a presen\u00e7a online do Padre Ezequias Gon\u00e7alves e&nbsp; assistente eclesi\u00e1stico da RCC da diocese de Itabuna que \u00e9 formada com aproximadamente 50 grupos de ora\u00e7\u00e3o.<br \/>\n<a href=\"https:\/\/www.youtube.com\/watch?v=DFgbWvK4rrY&amp;t=5787s\" target=\"_blank\" rel=\"noopener noreferrer\">https:\/\/www.youtube.com\/watch?v=DFgbWvK4rrY&amp;t=5787s<\/a><\/div>\n<div dir=\"auto\">Foto: Captura de v\u00eddeo\/Youtube<\/div>\n","protected":false},"excerpt":{"rendered":"<p>O coordenador da RCC da diocese de Itabuna, Amistron Lira, anunciou com exclusividade pelo canal do Youtube da RCC, neste fim de semana, que nos dias 17 e 18 de outubro, vai acontecer o 8\u00b0 Congresso Diocesano da Renova\u00e7\u00e3o Carism\u00e1tica Cat\u00f3lica da diocese de Itabuna, do sul da Bahia. Os dois dia do evento, ser\u00e1&nbsp;<\/p>\n<p><a class=\"btn btn-style\" href=\"http:\/\/portalcatolico.net\/portal\/vem-ai-o-8-congresso-diocesano-da-rcc-da-diocese-de-itabuna\/\">Continue Reading<\/a><\/p>\n","protected":false},"author":2,"featured_media":70254,"comment_status":"open","ping_status":"open","sticky":false,"template":"","format":"standard","meta":{"footnotes":""},"categories":[2],"tags":[],"class_list":["post-70253","post","type-post","status-publish","format-standard","has-post-thumbnail","hentry","category-eventos"],"_links":{"self":[{"href":"http:\/\/portalcatolico.net\/portal\/wp-json\/wp\/v2\/posts\/70253","targetHints":{"allow":["GET"]}}],"collection":[{"href":"http:\/\/portalcatolico.net\/portal\/wp-json\/wp\/v2\/posts"}],"about":[{"href":"http:\/\/portalcatolico.net\/portal\/wp-json\/wp\/v2\/types\/post"}],"author":[{"embeddable":true,"href":"http:\/\/portalcatolico.net\/portal\/wp-json\/wp\/v2\/users\/2"}],"replies":[{"embeddable":true,"href":"http:\/\/portalcatolico.net\/portal\/wp-json\/wp\/v2\/comments?post=70253"}],"version-history":[{"count":3,"href":"http:\/\/portalcatolico.net\/portal\/wp-json\/wp\/v2\/posts\/70253\/revisions"}],"predecessor-version":[{"id":70257,"href":"http:\/\/portalcatolico.net\/portal\/wp-json\/wp\/v2\/posts\/70253\/revisions\/70257"}],"wp:featuredmedia":[{"embeddable":true,"href":"http:\/\/portalcatolico.net\/portal\/wp-json\/wp\/v2\/media\/70254"}],"wp:attachment":[{"href":"http:\/\/portalcatolico.net\/portal\/wp-json\/wp\/v2\/media?parent=70253"}],"wp:term":[{"taxonomy":"category","embeddable":true,"href":"http:\/\/portalcatolico.net\/portal\/wp-json\/wp\/v2\/categories?post=70253"},{"taxonomy":"post_tag","embeddable":true,"href":"http:\/\/portalcatolico.net\/portal\/wp-json\/wp\/v2\/tags?post=70253"}],"curies":[{"name":"wp","href":"https:\/\/api.w.org\/{rel}","templated":true}]}}