{"id":70248,"date":"2020-09-26T21:33:21","date_gmt":"2020-09-27T00:33:21","guid":{"rendered":"http:\/\/portalcatolico.net\/portal\/?p=70248"},"modified":"2020-09-26T21:35:56","modified_gmt":"2020-09-27T00:35:56","slug":"encontro-regional-da-pascom-ne3-comecou-nesta-sexta-feira-na-internet","status":"publish","type":"post","link":"http:\/\/portalcatolico.net\/portal\/encontro-regional-da-pascom-ne3-comecou-nesta-sexta-feira-na-internet\/","title":{"rendered":"Encontro Regional da Pascom NE3 come\u00e7ou nesta sexta-feira, na internet."},"content":{"rendered":"<p style=\"font-weight: 400;\">Nesta sexta-feira, 25, aconteceu o primeiro dia do Encontro Regional da Pascom NE3, de forma virtual, pelo canal Pascom Nordeste 3, no Youtube.&nbsp;<\/p>\n<p style=\"font-weight: 400;\">O Encontro aconteceu sob o comando de Gabriela Couto ( Secret\u00e1ria da Pascom da Arquidiocese de Vit\u00f3ria da Conquista), Mirrail Menezes (Coordenador da Pascom do Regional Nordeste 3) e Padre Paulo Tadeu Lima (Assessor Eclesi\u00e1stico da Pascom da Arquidiocese de Aracaju e&nbsp;contou com as presen\u00e7as especiais do Pe. Andrey Nicioli (Coordenador Nacional do GT de Espiritualidade da PASCOM Brasil) e do Padre Paulo Henrique.&nbsp;<\/p>\n<p style=\"font-weight: 400;\"><strong>O Tema abordado foi: &#8220;Como cultivar a espiritualidade na PASCOM&#8221;.&nbsp;<\/strong><\/p>\n<p style=\"font-weight: 400;\">Na oportunidade, Padre Paulo Tadeu disse: &#8220;N\u00f3s n\u00e3o rezamos para nos alienar da realidade, n\u00f3s n\u00e3o rezamos para fugir da realidade, mas para enfrentar a realidade. E quando n\u00f3s paramos para cultivar essa Espiritualidade, \u00e9 como se n\u00f3s diss\u00e9ssemos assim: &#8216;Deus, eu estou abrindo o meu cora\u00e7\u00e3o, para que o Senhor abra os meus l\u00e1bios. \u00c9 a possibilidade de deixar Deus falar de n\u00f3s. E \u00e9 por isso, ent\u00e3o, que para falar de Deus, eu tenho que falar com Deus. Para falar de Deus, eu tenho que estar cheio de Deus&#8221;.&nbsp;<\/p>\n<p style=\"font-weight: 400;\">Quem quiser conferir na \u00edntegra, como foi a primeira noite do Encontro, pode acessar este link:&nbsp;<a href=\"https:\/\/www.youtube.com\/watch?v=svjmSxTWFPo&amp;feature=youtu.be\">https:\/\/www.youtube.com\/watch?v=svjmSxTWFPo&amp;feature=youtu.be<\/a>.&nbsp;<\/p>\n<p style=\"font-weight: 400;\">Acompanhe a programa\u00e7\u00e3o no Canal do Youtube. No domingo, vai acontecer uma reuni\u00e3o com os coordenadores da Pascom.&nbsp;<\/p>\n<p style=\"margin: 0cm; vertical-align: baseline;\"><span style=\"font-size: 10.5pt; font-family: 'Verdana',sans-serif; color: #333333; background: white;\">Foto: Captura de v\u00eddeo<\/span><\/p>\n","protected":false},"excerpt":{"rendered":"<p>Nesta sexta-feira, 25, aconteceu o primeiro dia do Encontro Regional da Pascom NE3, de forma virtual, pelo canal Pascom Nordeste 3, no Youtube.&nbsp; O Encontro aconteceu sob o comando de Gabriela Couto ( Secret\u00e1ria da Pascom da Arquidiocese de Vit\u00f3ria da Conquista), Mirrail Menezes (Coordenador da Pascom do Regional Nordeste 3) e Padre Paulo Tadeu&nbsp;<\/p>\n<p><a class=\"btn btn-style\" href=\"http:\/\/portalcatolico.net\/portal\/encontro-regional-da-pascom-ne3-comecou-nesta-sexta-feira-na-internet\/\">Continue Reading<\/a><\/p>\n","protected":false},"author":2,"featured_media":70249,"comment_status":"open","ping_status":"open","sticky":false,"template":"","format":"standard","meta":{"footnotes":""},"categories":[4],"tags":[],"class_list":["post-70248","post","type-post","status-publish","format-standard","has-post-thumbnail","hentry","category-destaques"],"_links":{"self":[{"href":"http:\/\/portalcatolico.net\/portal\/wp-json\/wp\/v2\/posts\/70248","targetHints":{"allow":["GET"]}}],"collection":[{"href":"http:\/\/portalcatolico.net\/portal\/wp-json\/wp\/v2\/posts"}],"about":[{"href":"http:\/\/portalcatolico.net\/portal\/wp-json\/wp\/v2\/types\/post"}],"author":[{"embeddable":true,"href":"http:\/\/portalcatolico.net\/portal\/wp-json\/wp\/v2\/users\/2"}],"replies":[{"embeddable":true,"href":"http:\/\/portalcatolico.net\/portal\/wp-json\/wp\/v2\/comments?post=70248"}],"version-history":[{"count":3,"href":"http:\/\/portalcatolico.net\/portal\/wp-json\/wp\/v2\/posts\/70248\/revisions"}],"predecessor-version":[{"id":70252,"href":"http:\/\/portalcatolico.net\/portal\/wp-json\/wp\/v2\/posts\/70248\/revisions\/70252"}],"wp:featuredmedia":[{"embeddable":true,"href":"http:\/\/portalcatolico.net\/portal\/wp-json\/wp\/v2\/media\/70249"}],"wp:attachment":[{"href":"http:\/\/portalcatolico.net\/portal\/wp-json\/wp\/v2\/media?parent=70248"}],"wp:term":[{"taxonomy":"category","embeddable":true,"href":"http:\/\/portalcatolico.net\/portal\/wp-json\/wp\/v2\/categories?post=70248"},{"taxonomy":"post_tag","embeddable":true,"href":"http:\/\/portalcatolico.net\/portal\/wp-json\/wp\/v2\/tags?post=70248"}],"curies":[{"name":"wp","href":"https:\/\/api.w.org\/{rel}","templated":true}]}}