{"id":70234,"date":"2020-09-25T00:40:23","date_gmt":"2020-09-25T03:40:23","guid":{"rendered":"http:\/\/portalcatolico.net\/portal\/?p=70234"},"modified":"2020-09-24T17:40:46","modified_gmt":"2020-09-24T20:40:46","slug":"rumo-ao-congresso-eucaristico-eucaristia-e-fonte-da-vida-e-da-missao-da-igreja-recorda-o-papa","status":"publish","type":"post","link":"http:\/\/portalcatolico.net\/portal\/rumo-ao-congresso-eucaristico-eucaristia-e-fonte-da-vida-e-da-missao-da-igreja-recorda-o-papa\/","title":{"rendered":"Rumo ao Congresso Eucar\u00edstico: Eucaristia \u00e9 fonte da vida e da miss\u00e3o da Igreja, recorda o Papa"},"content":{"rendered":"<div class=\"article__subTitle\">O Congresso Eucar\u00edstico Internacional foi adiado para o ano que vem, de 5 a 12 de setembro, sempre em Budapeste. Francisco encorajou os fi\u00e9is a prosseguirem no caminho de prepara\u00e7\u00e3o a este evento.<\/div>\n<div>&nbsp;<\/div>\n<div class=\"title__separator\">Ao final da ora\u00e7\u00e3o mariana, o Pont\u00edfice citou um dos in\u00fameros eventos eclesiais adiados devido \u00e0 pandemia: o Congresso Eucar\u00edstico Internacional, que deveria ter sido realizado nos dias passados em Budapeste, na Hungria.<\/div>\n<div>\n<p>\u201cPor isso, desejo dirigir a minha sauda\u00e7\u00e3o aos pastores e fi\u00e9is da Hungria e a todos os que aguardavam com f\u00e9 e alegria este evento eclesial.\u201d<\/p>\n<p>O Congresso foi adiado para o ano que vem, de 5 a 12 de setembro, sempre em Budapeste.<\/p>\n<div>\n<div class=\"article__embed article__embed--border embed_style\">\n<blockquote><p>\u201cProssigamos, espiritualmente unidos, o caminho de prepara\u00e7\u00e3o encontrando na Eucaristia a fonte da vida e da miss\u00e3o da Igreja.\u201d<\/p><\/blockquote>\n<\/div>\n<\/div>\n<p><strong>Novas gera\u00e7\u00f5es<\/strong><\/p>\n<p>Outra recorr\u00eancia citada por Francisco foi o Dia da Universidade Cat\u00f3lica do Sagrado Cora\u00e7\u00e3o, celebrado na It\u00e1lia.<\/p>\n<p>O Pont\u00edfice aproveitou para falar do futuro e afirmou que \u00e9 \u201cmais importante do que nunca que as novas gera\u00e7\u00f5es sejam formadas para o cuidado da dignidade humana e da casa comum\u201d.<\/p>\n<p>Francisco se despediu dos fi\u00e9is da Pra\u00e7a com o seu pedido tradicional de ora\u00e7\u00f5es por ele e desejando a todos \u201cbom almo\u00e7o e at\u00e9 logo!\u201d.<\/p>\n<\/div>\n<div class=\"article__text\">\n<p><b>Por Bianca Fraccalvieri \/Vatican News<\/b><\/p>\n<\/div>\n","protected":false},"excerpt":{"rendered":"<p>O Congresso Eucar\u00edstico Internacional foi adiado para o ano que vem, de 5 a 12 de setembro, sempre em Budapeste. Francisco encorajou os fi\u00e9is a prosseguirem no caminho de prepara\u00e7\u00e3o a este evento. &nbsp; Ao final da ora\u00e7\u00e3o mariana, o Pont\u00edfice citou um dos in\u00fameros eventos eclesiais adiados devido \u00e0 pandemia: o Congresso Eucar\u00edstico Internacional,&nbsp;<\/p>\n<p><a class=\"btn btn-style\" href=\"http:\/\/portalcatolico.net\/portal\/rumo-ao-congresso-eucaristico-eucaristia-e-fonte-da-vida-e-da-missao-da-igreja-recorda-o-papa\/\">Continue Reading<\/a><\/p>\n","protected":false},"author":2,"featured_media":70235,"comment_status":"open","ping_status":"open","sticky":false,"template":"","format":"standard","meta":{"footnotes":""},"categories":[5],"tags":[],"class_list":["post-70234","post","type-post","status-publish","format-standard","has-post-thumbnail","hentry","category-igreja_no_mundo"],"_links":{"self":[{"href":"http:\/\/portalcatolico.net\/portal\/wp-json\/wp\/v2\/posts\/70234","targetHints":{"allow":["GET"]}}],"collection":[{"href":"http:\/\/portalcatolico.net\/portal\/wp-json\/wp\/v2\/posts"}],"about":[{"href":"http:\/\/portalcatolico.net\/portal\/wp-json\/wp\/v2\/types\/post"}],"author":[{"embeddable":true,"href":"http:\/\/portalcatolico.net\/portal\/wp-json\/wp\/v2\/users\/2"}],"replies":[{"embeddable":true,"href":"http:\/\/portalcatolico.net\/portal\/wp-json\/wp\/v2\/comments?post=70234"}],"version-history":[{"count":1,"href":"http:\/\/portalcatolico.net\/portal\/wp-json\/wp\/v2\/posts\/70234\/revisions"}],"predecessor-version":[{"id":70236,"href":"http:\/\/portalcatolico.net\/portal\/wp-json\/wp\/v2\/posts\/70234\/revisions\/70236"}],"wp:featuredmedia":[{"embeddable":true,"href":"http:\/\/portalcatolico.net\/portal\/wp-json\/wp\/v2\/media\/70235"}],"wp:attachment":[{"href":"http:\/\/portalcatolico.net\/portal\/wp-json\/wp\/v2\/media?parent=70234"}],"wp:term":[{"taxonomy":"category","embeddable":true,"href":"http:\/\/portalcatolico.net\/portal\/wp-json\/wp\/v2\/categories?post=70234"},{"taxonomy":"post_tag","embeddable":true,"href":"http:\/\/portalcatolico.net\/portal\/wp-json\/wp\/v2\/tags?post=70234"}],"curies":[{"name":"wp","href":"https:\/\/api.w.org\/{rel}","templated":true}]}}