{"id":70231,"date":"2020-09-24T17:31:46","date_gmt":"2020-09-24T20:31:46","guid":{"rendered":"http:\/\/portalcatolico.net\/portal\/?p=70231"},"modified":"2020-09-24T17:31:46","modified_gmt":"2020-09-24T20:31:46","slug":"mais-de-um-mes-apos-afastamento-de-padre-robson-santuario-da-basilica-de-trindade-tem-novo-reitor","status":"publish","type":"post","link":"http:\/\/portalcatolico.net\/portal\/mais-de-um-mes-apos-afastamento-de-padre-robson-santuario-da-basilica-de-trindade-tem-novo-reitor\/","title":{"rendered":"Mais de um m\u00eas ap\u00f3s afastamento de padre Robson, Santu\u00e1rio da Bas\u00edlica de Trindade tem novo reitor"},"content":{"rendered":"<div class=\"row content-head non-featured \">\n<div class=\"medium-centered subtitle\">\n<p class=\"content-head__subtitle\">Nomea\u00e7\u00e3o do padre Jo\u00e3o Paulo Santos foi feita pela Provincial dos Redentoristas de Goi\u00e1s. Mudan\u00e7a ocorreu ap\u00f3s opera\u00e7\u00e3o do Minist\u00e9rio P\u00fablico que investiga suposto desvio de R$ 120 milh\u00f5es doados por fi\u00e9is \u00e0 Afipe, que controla o Santu\u00e1rio.<\/p>\n<p>O padre Jo\u00e3o Paulo Santos de Souza, de 37 anos, assume a reitoria do Santu\u00e1rio Bas\u00edlica do Divino Pai Eterno em&nbsp;Trindade, na Regi\u00e3o Metropolitana de Goi\u00e2nia, no lugar do&nbsp;padre Robson de Oliveira, que pediu afastamento ap\u00f3s ser investigado pelo Minist\u00e9rio P\u00fablico de Goi\u00e1s por supostos desvios de R$ 120 milh\u00f5es ofertados por fi\u00e9is \u00e0 Associa\u00e7\u00e3o Filhos do Pai Eterno (Afipe), que administra o santu\u00e1rio. Padre Robson&nbsp;sempre negou qualquer&nbsp;irregularidade.<\/p>\n<div class=\"mc-column content-text active-extra-styles \" data-block-type=\"unstyled\" data-block-weight=\"44\" data-block-id=\"3\">\n<p class=\"content-text__container \" data-track-category=\"Link no Texto\" data-track-links=\"\">A nomea\u00e7\u00e3o do novo reitor foi anunciada nesta quarta-feira (23), pela Provincial dos Redentoristas de Goi\u00e1s, depois de mais de um m\u00eas da sa\u00edda de Robson. Enquanto o reitor definitivo n\u00e3o era escolhido, o padre Andr\u00e9 Ricardo de Melo ocupou o cargo temporariamente.<\/p>\n<\/div>\n<div class=\"mc-column content-text active-extra-styles \" data-block-type=\"unstyled\" data-block-weight=\"27\" data-block-id=\"4\">\n<p class=\"content-text__container \" data-track-category=\"Link no Texto\" data-track-links=\"\">A missa de posse ser\u00e1 celebrada no Santu\u00e1rio Bas\u00edlica do Divino Pai Eterno, no pr\u00f3ximo domingo (27). Para o novo reitor, a nomea\u00e7\u00e3o \u00e9 uma miss\u00e3o desafiadora.<\/p>\n<p data-track-category=\"Link no Texto\" data-track-links=\"\">\u201cO sentimento \u00e9 de alegria por poder colaborar com uma miss\u00e3o que os redentoristas exercem h\u00e1 mais de 125 anos, aqui no Santu\u00e1rio Bas\u00edlica, propagando a devo\u00e7\u00e3o ao Divino Pai Eterno e acolhendo os romeiros de todas as partes do Brasil e do mundo\u201d, comentou o padre, por meio de nota.<\/p>\n<p data-track-category=\"Link no Texto\" data-track-links=\"\">Padre Jo\u00e3o Paulo Santos de Souza assume a reitoria da Bas\u00edlica de Trindade, em Goi\u00e1s \u2014 Foto: Danilo Eduardo\/Afipe<\/p>\n<\/div>\n<\/div>\n<\/div>\n<div class=\"content__signa-share\">\n<div class=\"content__signature\">\n<div class=\"content-publication-data\">\n<div class=\"content-publication-data__text\">\n<p class=\"content-publication-data__from\" title=\"Rafael Oliveira, G1 GO\">Fonte:G1&nbsp;<\/p>\n<\/div>\n<\/div>\n<\/div>\n<\/div>\n","protected":false},"excerpt":{"rendered":"<p>Nomea\u00e7\u00e3o do padre Jo\u00e3o Paulo Santos foi feita pela Provincial dos Redentoristas de Goi\u00e1s. Mudan\u00e7a ocorreu ap\u00f3s opera\u00e7\u00e3o do Minist\u00e9rio P\u00fablico que investiga suposto desvio de R$ 120 milh\u00f5es doados por fi\u00e9is \u00e0 Afipe, que controla o Santu\u00e1rio. O padre Jo\u00e3o Paulo Santos de Souza, de 37 anos, assume a reitoria do Santu\u00e1rio Bas\u00edlica do&nbsp;<\/p>\n<p><a class=\"btn btn-style\" href=\"http:\/\/portalcatolico.net\/portal\/mais-de-um-mes-apos-afastamento-de-padre-robson-santuario-da-basilica-de-trindade-tem-novo-reitor\/\">Continue Reading<\/a><\/p>\n","protected":false},"author":2,"featured_media":70232,"comment_status":"open","ping_status":"open","sticky":false,"template":"","format":"standard","meta":{"footnotes":""},"categories":[3],"tags":[],"class_list":["post-70231","post","type-post","status-publish","format-standard","has-post-thumbnail","hentry","category-noticias_regionais"],"_links":{"self":[{"href":"http:\/\/portalcatolico.net\/portal\/wp-json\/wp\/v2\/posts\/70231","targetHints":{"allow":["GET"]}}],"collection":[{"href":"http:\/\/portalcatolico.net\/portal\/wp-json\/wp\/v2\/posts"}],"about":[{"href":"http:\/\/portalcatolico.net\/portal\/wp-json\/wp\/v2\/types\/post"}],"author":[{"embeddable":true,"href":"http:\/\/portalcatolico.net\/portal\/wp-json\/wp\/v2\/users\/2"}],"replies":[{"embeddable":true,"href":"http:\/\/portalcatolico.net\/portal\/wp-json\/wp\/v2\/comments?post=70231"}],"version-history":[{"count":1,"href":"http:\/\/portalcatolico.net\/portal\/wp-json\/wp\/v2\/posts\/70231\/revisions"}],"predecessor-version":[{"id":70233,"href":"http:\/\/portalcatolico.net\/portal\/wp-json\/wp\/v2\/posts\/70231\/revisions\/70233"}],"wp:featuredmedia":[{"embeddable":true,"href":"http:\/\/portalcatolico.net\/portal\/wp-json\/wp\/v2\/media\/70232"}],"wp:attachment":[{"href":"http:\/\/portalcatolico.net\/portal\/wp-json\/wp\/v2\/media?parent=70231"}],"wp:term":[{"taxonomy":"category","embeddable":true,"href":"http:\/\/portalcatolico.net\/portal\/wp-json\/wp\/v2\/categories?post=70231"},{"taxonomy":"post_tag","embeddable":true,"href":"http:\/\/portalcatolico.net\/portal\/wp-json\/wp\/v2\/tags?post=70231"}],"curies":[{"name":"wp","href":"https:\/\/api.w.org\/{rel}","templated":true}]}}