{"id":70227,"date":"2020-09-23T15:13:23","date_gmt":"2020-09-23T18:13:23","guid":{"rendered":"http:\/\/portalcatolico.net\/portal\/?p=70227"},"modified":"2020-09-23T15:13:23","modified_gmt":"2020-09-23T18:13:23","slug":"membro-da-coordenacao-nacional-da-pastoral-do-surdo-fala-dos-desafios-da-inclusao-na-igreja-no-brasil","status":"publish","type":"post","link":"http:\/\/portalcatolico.net\/portal\/membro-da-coordenacao-nacional-da-pastoral-do-surdo-fala-dos-desafios-da-inclusao-na-igreja-no-brasil\/","title":{"rendered":"MEMBRO DA COORDENA\u00c7\u00c3O NACIONAL DA PASTORAL DO SURDO FALA DOS DESAFIOS DA INCLUS\u00c3O NA IGREJA NO BRASIL"},"content":{"rendered":"<p>Tr\u00eas datas s\u00e3o especiais nos pr\u00f3ximos dias para as pessoas com defici\u00eancia no Brasil e no mundo. No dia 21 de setembro, foi o Dia Internacional de luta pelos Direitos das Pessoas com Defici\u00eancia, dia 26, \u00e9 o Dia Nacional dos Surdos, e dia 30, o Dia Nacional dos Tradutores e Int\u00e9rpretes.<\/p>\n<p>O portal da CNBB conversou com o Samuel Ferreira de Souza, coordenador nacional da Pastoral do Surdo desde janeiro deste ano. Em Campo Grande, ele participa das par\u00f3quias S\u00e3o Jo\u00e3o Bosco e Nossa senhora Aparecida. Desde 1990, atua na Igreja Cat\u00f3lica e na Pastoral dos Surdos, tendo sido membro de coordena\u00e7\u00e3o paroquial e da coordena\u00e7\u00e3o regional.<\/p>\n<p>Em fun\u00e7\u00e3o de uma grave meningite, Samuel perdeu 100% da audi\u00e7\u00e3o quando ainda tinha 7 anos de idade. Nascido no interior de S\u00e3o Paulo, em Presidente Venceslau, ele mudou-se para Campo Grande (MS) aos 15 anos de idade. Na capital do Mato Grosso do Sul aperfei\u00e7oou-se na L\u00edngua Brasileira de sinais (Libras), formou-se em Servi\u00e7o Social, fez uma p\u00f3s-gradua\u00e7\u00e3o em Educa\u00e7\u00e3o Especial Inclusiva e um curso t\u00e9cnico em Administra\u00e7\u00e3o e Recurso Humanos. Hoje ele atua como capel\u00e3o hospitalar no atendimento \u00e0s demandas dos surdos junto aos hospitais.<\/p>\n<h3>Uma Igreja para todos<\/h3>\n<p>Na vis\u00e3o do Samuel, para a Igreja no Brasil se tornar&nbsp; mais inclusiva \u00e9 necess\u00e1rio que ou\u00e7a a voz de Deus por meio do seu Santo Esp\u00edrito e fa\u00e7a cumprir a palavra dita e lida por Jesus: \u201cO Esp\u00edrito do Senhor est\u00e1 sobre mim, porque me consagrou com a un\u00e7\u00e3o, para anunciar a Boa Not\u00edcia aos pobres; enviou-me para proclamar a liberta\u00e7\u00e3o aos presos e aos cegos a recupera\u00e7\u00e3o da vista; para libertar os oprimidos e para proclamar o ano da gra\u00e7a do Senhor\u201d (cf. Lc. 4, 18).<\/p>\n<p>Ele defende que as pessoas com defici\u00eancia precisam ser vistas por suas potencialidades e n\u00e3o por suas limita\u00e7\u00f5es cl\u00ednicas. \u201cAcreditamos que foi esta sensibilidade que o Cristo Jesus teve ao se dirigir ao menor, ao que necessitava dele, e \u00e9 assim que gostar\u00edamos que a Igreja e seus representantes nos vissem\u201d, disse.<\/p>\n<p>Segundo o coordenador da Pastoral dos Surdos, para que seja mais acess\u00edvel a Igreja precisa pensar uma proposta de Igreja para todos.&nbsp; \u201cUma Igreja que n\u00e3o limita e sim, capacita. Uma Igreja que congrega e n\u00e3o segrega. Uma Igreja que potencializa e n\u00e3o discrimina\u201d, afirmou.<\/p>\n<p>Ele aponta como uma grande dificuldade ainda encontrada pelos surdos na Igreja \u00e9 o fato das comunidades querer \u201cnormaliz\u00e1-los\u201d. \u201cAs comunidades nos querem ouvintes. Elas n\u00e3o nos permitem ser surdos. N\u00e3o nos permitem expressar como surdos\u201d, avaliou.<\/p>\n<h3>Cultura e identidade dos surdos<\/h3>\n<p>Ele conta que a Pastoral do Surdo tem buscado capacitar e ofertar cursos na tentativa de mostrar aos religiosos&nbsp; que a cultura e a identidade surdas caminham em conson\u00e2ncia com a Igreja. \u201cPara al\u00e9m disso, nossa Pastoral ainda procura sempre o caminho do di\u00e1logo, da ora\u00e7\u00e3o e da vivencia do amor apontando poss\u00edveis solu\u00e7\u00f5es aos questionamentos ou at\u00e9 mesmo dificuldades para lidar com nosso povo surdo\u201d, avaliou.<\/p>\n<p>Isto, em sua avalia\u00e7\u00e3o, faz com que n\u00e3o seja investido em agentes para atuarem em na Pastoral do Sudro como tradutores e int\u00e9rpretes que entendam a Libras. Um outro desafio, segundo o Samuel, \u00e9 ter mais sacerdotes abertos \u00e0s demandas sacramentais e conhecedores da L\u00edngua Brasileira de Sinais.<\/p>\n<p>Ele aponta que a Pastoral do Surdo no Brasil percebe que a Igreja est\u00e1 se abrindo ao acolhimento dos surdos. Isto, em sua avalia\u00e7\u00e3o, passar por um processo de entendimento dos ouvintes (pessoas n\u00e3o surdas). Contudo, ele destaca que a cultura surda ainda causa certo inc\u00f4modo na celebra\u00e7\u00e3o dos sacramentos, como a Eucaristia.<\/p>\n<p>\u201cFrutos est\u00e3o sendo criados quando as diversas comunidades percebem as necessidades dos irm\u00e3os menos favorecidos e muitas vezes exclu\u00eddos de nosso meio e de nossa Igreja. Frutos estes que podemos dizer que al\u00e9m do espa\u00e7o ofertado, vemos j\u00e1 sorrisos para nossos trabalhos, valoriza\u00e7\u00e3o de nossas atividades pastorais e, ainda, reconhecimento pelo trabalho prestado e aten\u00e7\u00e3o dada \u00e0s nossas demandas\u201d, afirmou. Com informa\u00e7\u00f5es e foto do site oficial da CNBB<\/p>\n","protected":false},"excerpt":{"rendered":"<p>Tr\u00eas datas s\u00e3o especiais nos pr\u00f3ximos dias para as pessoas com defici\u00eancia no Brasil e no mundo. No dia 21 de setembro, foi o Dia Internacional de luta pelos Direitos das Pessoas com Defici\u00eancia, dia 26, \u00e9 o Dia Nacional dos Surdos, e dia 30, o Dia Nacional dos Tradutores e Int\u00e9rpretes. O portal da&nbsp;<\/p>\n<p><a class=\"btn btn-style\" href=\"http:\/\/portalcatolico.net\/portal\/membro-da-coordenacao-nacional-da-pastoral-do-surdo-fala-dos-desafios-da-inclusao-na-igreja-no-brasil\/\">Continue Reading<\/a><\/p>\n","protected":false},"author":2,"featured_media":70228,"comment_status":"open","ping_status":"open","sticky":false,"template":"","format":"standard","meta":{"footnotes":""},"categories":[3],"tags":[],"class_list":["post-70227","post","type-post","status-publish","format-standard","has-post-thumbnail","hentry","category-noticias_regionais"],"_links":{"self":[{"href":"http:\/\/portalcatolico.net\/portal\/wp-json\/wp\/v2\/posts\/70227","targetHints":{"allow":["GET"]}}],"collection":[{"href":"http:\/\/portalcatolico.net\/portal\/wp-json\/wp\/v2\/posts"}],"about":[{"href":"http:\/\/portalcatolico.net\/portal\/wp-json\/wp\/v2\/types\/post"}],"author":[{"embeddable":true,"href":"http:\/\/portalcatolico.net\/portal\/wp-json\/wp\/v2\/users\/2"}],"replies":[{"embeddable":true,"href":"http:\/\/portalcatolico.net\/portal\/wp-json\/wp\/v2\/comments?post=70227"}],"version-history":[{"count":1,"href":"http:\/\/portalcatolico.net\/portal\/wp-json\/wp\/v2\/posts\/70227\/revisions"}],"predecessor-version":[{"id":70229,"href":"http:\/\/portalcatolico.net\/portal\/wp-json\/wp\/v2\/posts\/70227\/revisions\/70229"}],"wp:featuredmedia":[{"embeddable":true,"href":"http:\/\/portalcatolico.net\/portal\/wp-json\/wp\/v2\/media\/70228"}],"wp:attachment":[{"href":"http:\/\/portalcatolico.net\/portal\/wp-json\/wp\/v2\/media?parent=70227"}],"wp:term":[{"taxonomy":"category","embeddable":true,"href":"http:\/\/portalcatolico.net\/portal\/wp-json\/wp\/v2\/categories?post=70227"},{"taxonomy":"post_tag","embeddable":true,"href":"http:\/\/portalcatolico.net\/portal\/wp-json\/wp\/v2\/tags?post=70227"}],"curies":[{"name":"wp","href":"https:\/\/api.w.org\/{rel}","templated":true}]}}