{"id":70219,"date":"2020-09-23T15:00:46","date_gmt":"2020-09-23T18:00:46","guid":{"rendered":"http:\/\/portalcatolico.net\/portal\/?p=70219"},"modified":"2020-09-23T15:07:51","modified_gmt":"2020-09-23T18:07:51","slug":"papa-francisco-nomeia-novo-bispo-para-a-vacante-diocese-de-rubiataba-mozarlandia-go","status":"publish","type":"post","link":"http:\/\/portalcatolico.net\/portal\/papa-francisco-nomeia-novo-bispo-para-a-vacante-diocese-de-rubiataba-mozarlandia-go\/","title":{"rendered":"Nomea\u00e7\u00e3o do Papa: diocese de Rubiataba-Mozarl\u00e2ndia, em Goi\u00e1s, tem novo bispo"},"content":{"rendered":"<div class=\"article__subTitle\">O Pont\u00edfice nomeou nesta quarta-feira (23) o Pe. Francisco Agamenilton Damascena como bispo da diocese de Rubiataba-Mozarl\u00e2ndia, que pertence \u00e0 Arquidiocese de Goi\u00e2nia\/GO. Durante o tempo de vac\u00e2ncia na diocese de Urua\u00e7u\/GO, o sacerdote exerceu o of\u00edcio de administrador diocesano.<\/div>\n<div>&nbsp;<\/div>\n<div class=\"title__separator\">\n<p>Nesta quarta-feira (23), dia em que a diocese de Urua\u00e7u, em Goi\u00e1s, promove uma&nbsp;<a href=\"https:\/\/www.youtube.com\/watch?v=2LMrpF1ZQbE\" target=\"_blank\" rel=\"external nofollow noopener\">coletiva de imprensa<\/a>&nbsp;com o novo bispo, dom Giovani Carlos Caldas Barroca, empossado em 12 de setembro, o Papa Francisco nomeou o Pe. Francisco Agamenilton Damascena, como bispo da diocese de Rubiataba-Mozarl\u00e2ndia, que pertence \u00e0 Arquidiocese de Goi\u00e2nia\/GO. Durante o tempo de vac\u00e2ncia na diocese de Urua\u00e7u, o sacerdote exerceu o of\u00edcio de administrador diocesano.<\/p>\n<p><strong>Diocese de Rubiataba-Mozarl\u00e2ndia<\/strong><\/p>\n<p>A circunscri\u00e7\u00e3o eclesi\u00e1stica, com mais de 105 mil habitantes batizados, foi criada em 1966 como Prelatura Territorial de Rubiataba, a partir das dioceses de Goi\u00e1s e Urua\u00e7u. Renomeada como Prelatura Territorial de Rubiataba-Mozarl\u00e2ndia em 18 de abril de 1979, foi promovida a diocese de Rubiataba-Mozarl\u00e2ndia em 16 de outubro de 1979.<\/p>\n<p><strong>A biografia de Pe. Francisco Agamenilton Damascena<\/strong><\/p>\n<p>O Pe. Francisco Agamenilton Damascena nasceu em 26 de junho de 1975 em Currais Novos, no Rio Grande do Norte. Concluiu os estudos de Filosofia no Semin\u00e1rio Maior Nossa Senhora de F\u00e1tima em Bras\u00edlia\/DF e tamb\u00e9m no \u201cAteneo Pontificio Regina Apostolorum\u201d (UPRA), em Roma, na It\u00e1lia, onde obteve a Licenciatura em Filosofia. Pe. Francisco tamb\u00e9m fez uma especializa\u00e7\u00e3o em Doc\u00eancia Universit\u00e1rio na Faculdade M\u00e1rio Schenberg, em Cotia\/SP, e um Doutorado em Filosofia na Pontif\u00edcia Universidade Lateranense, em Roma.<\/p>\n<p>Foi ordenado sacerdote em 19 de mar\u00e7o de 2001, incardinado na diocese de Urua\u00e7u\/GO, onde ocupou os seguintes cargos: administrador paroquial, vice-p\u00e1roco, p\u00e1roco, chanceler, coordenador diocesano de Pastoral, diretor acad\u00eamico da Escola Diaconal, vice-reitor e professor do Semin\u00e1rio Maior S\u00e3o Jos\u00e9, membro do Conselho Presbiteral, do Conselho de Formadores e do Col\u00e9gio de Consultores. Al\u00e9m disso, foi diretor acad\u00eamico e professor do Instituto de Filosofia \u201cSapientiae\u201d na diocese de An\u00e1polis.<\/p>\n<p>De 19 de fevereiro de 2019 a 12 de setembro de 2020, ent\u00e3o, durante o tempo de vac\u00e2ncia na diocese de Urua\u00e7u, o Pe. Francisco foi administrador diocesano.<\/p>\n<p><img loading=\"lazy\" decoding=\"async\" class=\"alignnone wp-image-70223\" src=\"http:\/\/portalcatolico.net\/portal\/wp-content\/uploads\/2020\/09\/cq5dam.thumbnail.cropped.750.422-5-300x169.jpeg\" alt=\"\" width=\"815\" height=\"459\" srcset=\"http:\/\/portalcatolico.net\/portal\/wp-content\/uploads\/2020\/09\/cq5dam.thumbnail.cropped.750.422-5-300x169.jpeg 300w, http:\/\/portalcatolico.net\/portal\/wp-content\/uploads\/2020\/09\/cq5dam.thumbnail.cropped.750.422-5.jpeg 750w\" sizes=\"auto, (max-width: 815px) 100vw, 815px\" \/><\/p>\n<div>\n<div class=\"article__embed article__embed--unwrap\">\n<div class=\"photo_embed--Title\">Atualmente, o Pe. Francisco ocupava o cargo de administrador diocesano em Urua\u00e7u<\/div>\n<\/div>\n<\/div>\n<\/div>\n<div class=\"article__text\">\n<p><b>Por Andressa Collet \/Vatican News<\/b><\/p>\n<\/div>\n","protected":false},"excerpt":{"rendered":"<p>O Pont\u00edfice nomeou nesta quarta-feira (23) o Pe. Francisco Agamenilton Damascena como bispo da diocese de Rubiataba-Mozarl\u00e2ndia, que pertence \u00e0 Arquidiocese de Goi\u00e2nia\/GO. Durante o tempo de vac\u00e2ncia na diocese de Urua\u00e7u\/GO, o sacerdote exerceu o of\u00edcio de administrador diocesano. &nbsp; Nesta quarta-feira (23), dia em que a diocese de Urua\u00e7u, em Goi\u00e1s, promove uma&nbsp;coletiva&nbsp;<\/p>\n<p><a class=\"btn btn-style\" href=\"http:\/\/portalcatolico.net\/portal\/papa-francisco-nomeia-novo-bispo-para-a-vacante-diocese-de-rubiataba-mozarlandia-go\/\">Continue Reading<\/a><\/p>\n","protected":false},"author":2,"featured_media":70224,"comment_status":"open","ping_status":"open","sticky":false,"template":"","format":"standard","meta":{"footnotes":""},"categories":[4],"tags":[],"class_list":["post-70219","post","type-post","status-publish","format-standard","has-post-thumbnail","hentry","category-destaques"],"_links":{"self":[{"href":"http:\/\/portalcatolico.net\/portal\/wp-json\/wp\/v2\/posts\/70219","targetHints":{"allow":["GET"]}}],"collection":[{"href":"http:\/\/portalcatolico.net\/portal\/wp-json\/wp\/v2\/posts"}],"about":[{"href":"http:\/\/portalcatolico.net\/portal\/wp-json\/wp\/v2\/types\/post"}],"author":[{"embeddable":true,"href":"http:\/\/portalcatolico.net\/portal\/wp-json\/wp\/v2\/users\/2"}],"replies":[{"embeddable":true,"href":"http:\/\/portalcatolico.net\/portal\/wp-json\/wp\/v2\/comments?post=70219"}],"version-history":[{"count":4,"href":"http:\/\/portalcatolico.net\/portal\/wp-json\/wp\/v2\/posts\/70219\/revisions"}],"predecessor-version":[{"id":70226,"href":"http:\/\/portalcatolico.net\/portal\/wp-json\/wp\/v2\/posts\/70219\/revisions\/70226"}],"wp:featuredmedia":[{"embeddable":true,"href":"http:\/\/portalcatolico.net\/portal\/wp-json\/wp\/v2\/media\/70224"}],"wp:attachment":[{"href":"http:\/\/portalcatolico.net\/portal\/wp-json\/wp\/v2\/media?parent=70219"}],"wp:term":[{"taxonomy":"category","embeddable":true,"href":"http:\/\/portalcatolico.net\/portal\/wp-json\/wp\/v2\/categories?post=70219"},{"taxonomy":"post_tag","embeddable":true,"href":"http:\/\/portalcatolico.net\/portal\/wp-json\/wp\/v2\/tags?post=70219"}],"curies":[{"name":"wp","href":"https:\/\/api.w.org\/{rel}","templated":true}]}}