{"id":70211,"date":"2020-09-22T21:12:21","date_gmt":"2020-09-23T00:12:21","guid":{"rendered":"http:\/\/portalcatolico.net\/portal\/?p=70211"},"modified":"2020-09-22T21:13:45","modified_gmt":"2020-09-23T00:13:45","slug":"dom-edmar-comenta-carta-do-cardeal-sarah-retomar-a-vivencia-da-fe-em-comunidade-e-a-experiencia-da-eucaristia","status":"publish","type":"post","link":"http:\/\/portalcatolico.net\/portal\/dom-edmar-comenta-carta-do-cardeal-sarah-retomar-a-vivencia-da-fe-em-comunidade-e-a-experiencia-da-eucaristia\/","title":{"rendered":"DOM EDMAR COMENTA CARTA DO CARDEAL SARAH: \u201cRETOMAR A VIV\u00caNCIA DA F\u00c9 EM COMUNIDADE E A EXPERI\u00caNCIA DA EUCARISTIA\u201d"},"content":{"rendered":"<p>A carta do cardeal Robert Sarah retoma aquilo que \u00e9 central para n\u00f3s: \u201cA viv\u00eancia da f\u00e9 em comunidade e a experi\u00eancia profunda da liturgia \u2013 de modo particular da Eucaristia\u201d. Esta \u00e9 uma observa\u00e7\u00e3o do bispo de Paranagu\u00e1 (PR) e presidente da Comiss\u00e3o Episcopal Pastoral para a Liturgia da Confer\u00eancia Nacional dos Bispos do Brasil (CNBB), dom Edmar Peron.<\/p>\n<p>No in\u00edcio deste m\u00eas, o prefeito da Congrega\u00e7\u00e3o para o Culto Divino e a Disciplina dos Sacramentos, cardeal Robert Sarah, enviou carta aos presidentes das Confer\u00eancias Episcopais sobre a celebra\u00e7\u00e3o da liturgia durante e depois da pandemia de Covid-19, intitulada \u201cVoltemos com alegria \u00e0 Eucaristia!\u201d.<\/p>\n<p class=\"article__subTitle\">O cardeal Roberth Sarah afirma, no texto, segundo divulga\u00e7\u00e3o de Vatican News, da necessidade de voltar \u00e0 normalidade da vida crist\u00e3, nos locais onde a emerg\u00eancia sanit\u00e1ria provocada pela pandemia o permite. Segundo o purpurado, \u201cparticipar de uma Missa pelos meios de comunica\u00e7\u00e3o n\u00e3o \u00e9 equipar\u00e1vel \u00e0 participa\u00e7\u00e3o f\u00edsica na igreja\u201d.<\/p>\n<p class=\"article__subTitle\">Dom Edmar Peron refor\u00e7a esta informa\u00e7\u00e3o, explicando que o documento retoma a \u201ccaracter\u00edstica central da nossa experi\u00eancia de f\u00e9 e nos ajuda com alguns elementos elencados a refletir sobre esta dimens\u00e3o\u201d.<\/p>\n<p><a href=\"https:\/\/flic.kr\/p\/2hdYh5m\"><img loading=\"lazy\" decoding=\"async\" class=\" lazyloaded\" src=\"https:\/\/live.staticflickr.com\/65535\/48717179132_9e921ba993_b.jpg\" alt=\"ato-amazonia-CD-5\" width=\"1024\" height=\"576\" data-src=\"https:\/\/live.staticflickr.com\/65535\/48717179132_9e921ba993_b.jpg\"><\/a><\/p>\n<blockquote><p><em>\u201cO cardeal procura justamente isso: retomando a tradi\u00e7\u00e3o da Igreja, retomando a Teologia, algumas passagens do Conc\u00edlio Vaticano II, o cardeal enfatiza que nada pode substituir a participa\u00e7\u00e3o concreta presencial na liturgia. \u00c9 claro que isso n\u00e3o diz respeito aos idosos e aos outros impossibilitados de participarem da celebra\u00e7\u00e3o, porque ali h\u00e1 uma exce\u00e7\u00e3o. E como est\u00e1 bem colocado, na exce\u00e7\u00e3o, se procuram respostas para aquele momento. E quando a exce\u00e7\u00e3o, como esse tempo de pandemia, passar, aquela norma, aquela orienta\u00e7\u00e3o, ela cai por terra\u201d, explicou dom Edmar.<\/em><\/p><\/blockquote>\n<p class=\"article__subTitle\">Neste sentido, o presidente da Comiss\u00e3o para a Liturgia ressalta a conclus\u00e3o de \u201cque nenhuma transmiss\u00e3o, por mais perfeita que seja, tem condi\u00e7\u00f5es de substituir a participa\u00e7\u00e3o concreta, ativa, consciente e frutuosa dos fi\u00e9is nas celebra\u00e7\u00f5es lit\u00fargicas\u201d.<\/p>\n<h3>Avalia\u00e7\u00e3o para o retorno e o papel da CNBB<\/h3>\n<p>Perguntado como pode ser feita a avalia\u00e7\u00e3o para o retorno das missas com participa\u00e7\u00e3o dos fi\u00e9is, o que j\u00e1 ocorre em v\u00e1rias dioceses de todo o Brasil, e se a CNBB pode dar alguma orienta\u00e7\u00e3o, dom Edmar explica que \u00e9 necess\u00e1ria a avalia\u00e7\u00e3o sanit\u00e1ria e a considera\u00e7\u00e3o das orienta\u00e7\u00f5es civis quanto ao avan\u00e7o ou n\u00e3o da Covid-19.<\/p>\n<blockquote><p>\u201cAqui \u00e9 preciso reconhecer a autoridade que tem o bispo na sua diocese em mat\u00e9ria de liturgia. Assim como cada um de n\u00f3s bispos procuramos, ao longo desse per\u00edodo, uma grande sintonia com os decretos municipais, estaduais e algumas orienta\u00e7\u00f5es poucas federais, nesse momento o retorno das missas presenciais \u00e9 um retorno que tamb\u00e9m tem conta estas orienta\u00e7\u00f5es. Ent\u00e3o, conforme a situa\u00e7\u00e3o de cada diocese, cada um dos bispos poder\u00e1 dar sua orienta\u00e7\u00e3o\u201d, disse.<\/p><\/blockquote>\n<p>Sobre o papel da Confer\u00eancia Episcopal neste contexto, dom Edmar recorda que a CNBB n\u00e3o indica o retorno ou n\u00e3o dos fi\u00e9is \u00e0s missas presenciais, mas cabe a ela, \u201co respeito \u00e0 autoridade dos bispos em mat\u00e9ria de liturgia na sua diocese\u201d. Assim, a Confer\u00eancia ofereceu \u00e0s dioceses que decidiram pelo retorno um&nbsp;<a href=\"https:\/\/www.cnbb.org.br\/cnbb-envia-aos-bispos-do-brasil-orientacoes-liturgico-pastorais-para-retorno-as-atividades\/\">documento para auxiliar na aplica\u00e7\u00e3o de protocolos de seguran\u00e7a e higiene<\/a>.<\/p>\n<figure class=\"wp-caption alignnone\"><img loading=\"lazy\" decoding=\"async\" class=\" lazyloaded\" src=\"https:\/\/scontent.fsdu2-1.fna.fbcdn.net\/v\/t1.0-9\/119584195_3088858311243107_8668009350043214798_o.jpg?_nc_cat=108&amp;_nc_sid=730e14&amp;_nc_ohc=arLcbUC8X6IAX-HrZiT&amp;_nc_ht=scontent.fsdu2-1.fna&amp;oh=fe4ebb9180f0ea6846d9956bde2f5bc9&amp;oe=5F8D6758\" alt=\"\" width=\"1896\" height=\"1499\" data-src=\"https:\/\/scontent.fsdu2-1.fna.fbcdn.net\/v\/t1.0-9\/119584195_3088858311243107_8668009350043214798_o.jpg?_nc_cat=108&amp;_nc_sid=730e14&amp;_nc_ohc=arLcbUC8X6IAX-HrZiT&amp;_nc_ht=scontent.fsdu2-1.fna&amp;oh=fe4ebb9180f0ea6846d9956bde2f5bc9&amp;oe=5F8D6758\"><figcaption class=\"wp-caption-text\"><em>Dom Edmar Peron, em celebra\u00e7\u00e3o na diocese de Paranagu\u00e1<\/em><\/figcaption><\/figure>\n<h3>Linhas de a\u00e7\u00e3o<\/h3>\n<p>Na carta do prefeito da Congrega\u00e7\u00e3o para o Culto Divino e a Disciplina dos Sacramentos s\u00e3o sugeridas \u201calgumas linhas de a\u00e7\u00e3o para promover um retorno r\u00e1pido e seguro \u00e0 celebra\u00e7\u00e3o da Eucaristia\u201d. Para o cardeal Sarah, \u201ca devida aten\u00e7\u00e3o \u00e0s normas de higiene e seguran\u00e7a n\u00e3o pode levar \u00e0 esteriliza\u00e7\u00e3o de gestos e ritos\u201d.<\/p>\n<p>Dom Edmar Peron destaca tr\u00eas grandes linhas que o documento apresenta:<\/p>\n<ol>\n<li>A necessidade de acolher as normas de higiene e seguran\u00e7a. \u201c<em>N\u00e3o \u00e9 poss\u00edvel um retorno sem esta preocupa\u00e7\u00e3o do cuidado para n\u00e3o continuar com a contamina\u00e7\u00e3o<\/em>\u201c.<\/li>\n<li>Facilitar a participa\u00e7\u00e3o dos fi\u00e9is na celebra\u00e7\u00e3o, mas n\u00e3o desrespeitar as normas lit\u00fargicas. \u201c<em>Nesse campo, nem as autoridades civis, nem cada um dos padres individualmente t\u00eam autoridade para mudar aquilo que est\u00e1 nos livros lit\u00fargicos. Mesmo as mudan\u00e7as que os bispos podemos propor, devem ser aquelas j\u00e1 previstas em cada um dos rituais\u201d<\/em>.<\/li>\n<li>A obedi\u00eancia aos bispos, isto \u00e9, a comunh\u00e3o com o bispo.&nbsp;<em>\u201cO pr\u00f3prio cardeal reconhece que, em tempo de dificuldade, os bispos e as confer\u00eancias episcopais t\u00eam essa autoridade para dar normativas provis\u00f3rias que devem ser obedecidas\u201d<\/em>.<\/li>\n<\/ol>\n<p>&nbsp;<\/p>\n<p><a href=\"https:\/\/www.cnbb.org.br\/cnbb-envia-aos-bispos-do-brasil-orientacoes-liturgico-pastorais-para-retorno-as-atividades\/\">CNBB envia aos bispos do Brasil orienta\u00e7\u00f5es lit\u00fargico-pastorais para retorno \u00e0s atividades<\/a><\/p>\n<p>&nbsp;<\/p>\n<h5 class=\"article__title\"><a href=\"https:\/\/www.vaticannews.va\/pt\/vaticano\/news\/2020-09\/cardeal-robert-sarah-carta-participacao-missa-durante-pandemia.html\">Missa \u201cvirtual\u201d n\u00e3o substitui participa\u00e7\u00e3o pessoal na Missa<\/a><\/h5>\n<p>Fonte e fotos:CNBB<\/p>\n","protected":false},"excerpt":{"rendered":"<p>A carta do cardeal Robert Sarah retoma aquilo que \u00e9 central para n\u00f3s: \u201cA viv\u00eancia da f\u00e9 em comunidade e a experi\u00eancia profunda da liturgia \u2013 de modo particular da Eucaristia\u201d. Esta \u00e9 uma observa\u00e7\u00e3o do bispo de Paranagu\u00e1 (PR) e presidente da Comiss\u00e3o Episcopal Pastoral para a Liturgia da Confer\u00eancia Nacional dos Bispos do&nbsp;<\/p>\n<p><a class=\"btn btn-style\" href=\"http:\/\/portalcatolico.net\/portal\/dom-edmar-comenta-carta-do-cardeal-sarah-retomar-a-vivencia-da-fe-em-comunidade-e-a-experiencia-da-eucaristia\/\">Continue Reading<\/a><\/p>\n","protected":false},"author":2,"featured_media":70212,"comment_status":"open","ping_status":"open","sticky":false,"template":"","format":"standard","meta":{"footnotes":""},"categories":[4],"tags":[],"class_list":["post-70211","post","type-post","status-publish","format-standard","has-post-thumbnail","hentry","category-destaques"],"_links":{"self":[{"href":"http:\/\/portalcatolico.net\/portal\/wp-json\/wp\/v2\/posts\/70211","targetHints":{"allow":["GET"]}}],"collection":[{"href":"http:\/\/portalcatolico.net\/portal\/wp-json\/wp\/v2\/posts"}],"about":[{"href":"http:\/\/portalcatolico.net\/portal\/wp-json\/wp\/v2\/types\/post"}],"author":[{"embeddable":true,"href":"http:\/\/portalcatolico.net\/portal\/wp-json\/wp\/v2\/users\/2"}],"replies":[{"embeddable":true,"href":"http:\/\/portalcatolico.net\/portal\/wp-json\/wp\/v2\/comments?post=70211"}],"version-history":[{"count":3,"href":"http:\/\/portalcatolico.net\/portal\/wp-json\/wp\/v2\/posts\/70211\/revisions"}],"predecessor-version":[{"id":70215,"href":"http:\/\/portalcatolico.net\/portal\/wp-json\/wp\/v2\/posts\/70211\/revisions\/70215"}],"wp:featuredmedia":[{"embeddable":true,"href":"http:\/\/portalcatolico.net\/portal\/wp-json\/wp\/v2\/media\/70212"}],"wp:attachment":[{"href":"http:\/\/portalcatolico.net\/portal\/wp-json\/wp\/v2\/media?parent=70211"}],"wp:term":[{"taxonomy":"category","embeddable":true,"href":"http:\/\/portalcatolico.net\/portal\/wp-json\/wp\/v2\/categories?post=70211"},{"taxonomy":"post_tag","embeddable":true,"href":"http:\/\/portalcatolico.net\/portal\/wp-json\/wp\/v2\/tags?post=70211"}],"curies":[{"name":"wp","href":"https:\/\/api.w.org\/{rel}","templated":true}]}}