{"id":70208,"date":"2020-09-20T18:14:47","date_gmt":"2020-09-20T21:14:47","guid":{"rendered":"http:\/\/portalcatolico.net\/portal\/?p=70208"},"modified":"2020-09-20T18:14:47","modified_gmt":"2020-09-20T21:14:47","slug":"hoje-comeca-a-novena-dos-santos-arcanjos-miguel-gabriel-e-rafael","status":"publish","type":"post","link":"http:\/\/portalcatolico.net\/portal\/hoje-comeca-a-novena-dos-santos-arcanjos-miguel-gabriel-e-rafael\/","title":{"rendered":"Hoje come\u00e7a a novena dos Santos Arcanjos Miguel, Gabriel e Rafael"},"content":{"rendered":"<p>Em 29 de setembro, a&nbsp;Igreja&nbsp;celebrar\u00e1 a Festa dos Santos Arcanjos Miguel, Gabriel e Rafael, que aparecem na B\u00edblia com miss\u00f5es importantes de Deus.<\/p>\n<p>Por isso, apresentamos uma novena em honra a esses tr\u00eas amigos do c\u00e9u que t\u00eam a tarefa de defender o homem na luta contra os planos do dem\u00f4nio:<\/p>\n<p>Pelo Sinal da Santa Cruz. Pelo sinal da Santa Cruz, livrai-nos, Deus, nosso Senhor, dos nossos inimigos. Em nome do Pai, do Filho e do Esp\u00edrito Santo. Am\u00e9m.<\/p>\n<p><strong>Ato de Contri\u00e7\u00e3o<\/strong><\/p>\n<p>Senhor meu Jesus Cristo,Deus e homem verdadeiro,Criador e Redentor meu: por serdes V\u00f3s quem sois, sumamente bome digno de ser amado sobre todas as coisas, e porque Vos amo e estimo,pesa-me,Senhor, de todo o meu cora\u00e7\u00e3o, de Vos Ter ofendido;pesa-me tamb\u00e9m de Ter perdido o c\u00e9u e merecido o inferno;<br \/>\ne proponho firmemente, ajudado com o aux\u00edlio de Vossa divina gra\u00e7a,emendar-me e nunca mais Vos tornar a ofender.<br \/>\nEspero alcan\u00e7ar o perd\u00e3o de minhas culpas pela Vossa infinita miseric\u00f3rdia.Am\u00e9m.<\/p>\n<p><strong>Ora\u00e7\u00e3o inicial<\/strong><\/p>\n<p>Deus todo-poderoso e eterno, bendito e louvado sejais por toda a eternidade, e que todos os Anjos e homens, por V\u00f3s criados, Vos adorem, Vos amem e Vos sirvem, \u00f3 Deus Santo, Deus Forte, Deus Imortal!<\/p>\n<p>E v\u00f3s, Maria, Rainha de todos os Anjos, aceitai benignamente as nossas s\u00faplicas dirigidas aos vossos servos e apresentai-as junto do trono do Alt\u00edssimo \u2013 v\u00f3s que sois a omnipot\u00eancia suplicante e Medianeira das gra\u00e7as \u2013, a fim de obtermos gra\u00e7a, salva\u00e7\u00e3o e aux\u00edlio. Am\u00e9m.<\/p>\n<p><strong>Ora\u00e7\u00e3o aos Santos Arcanjos Miguel, Gabriel e Rafael<\/strong><\/p>\n<p>S\u00e3o Miguel Arcanjo, tu \u00e9s o Pr\u00edncipe das mil\u00edcias celestiais, o vencedor do drag\u00e3o infernal, recebeste de Deus a for\u00e7a e o poder para aniquilar por meio da humildade o orgulho dos poderes das trevas. Imploramos-te, suscita em n\u00f3s a aut\u00eantica humildade do cora\u00e7\u00e3o, a fidelidade inquebrant\u00e1vel, para cumprir sempre a vontade de Deus, a for\u00e7a no sofrimento e nas necessidades, ajuda-nos a subsistir diante do tribunal de Deus.<\/p>\n<p>S\u00e3o Gabriel Arcanjo, tu \u00e9s o anjo da Encarna\u00e7\u00e3o, o mensageiro fiel de Deus, abre nossos ouvidos para captar os menores sinais e chamados do cora\u00e7\u00e3o amante de nosso Senhor; Permanece sempre diante de nossos olhos, imploramos-te, para que compreendamos corretamente a Palavra de Deus e a sigamos e obede\u00e7amos para cumprir aquilo que Deus quer de n\u00f3s. Faz-nos vigilantes na espera do Senhor para que n\u00e3o nos encontre adormecidos quando chegue.<\/p>\n<p>S\u00e3o Rafael Arcanjo, tu \u00e9s o mensageiro do amor de Deus. Imploramos-te, fere nosso cora\u00e7\u00e3o com um amor ardente por Deus e n\u00e3o deixes que esta ferida se feche jamais para que permane\u00e7amos sobre o caminho do amor na&nbsp;vida&nbsp;di\u00e1ria e ven\u00e7amos todos os obst\u00e1culos pela for\u00e7a deste amor.<\/p>\n<p>Ajudai-nos grandes irm\u00e3os e santos, servidores como n\u00f3s diante de Deus. Protegei-nos contra n\u00f3s mesmos, contra nossa covardia e tibieza, contra nosso ego\u00edsmo e nossa avareza, contra nossa inveja e desconfian\u00e7a, contra nossa sufici\u00eancia e comodidade, contra nosso desejo de ser apreciados. Desligai-nos dos la\u00e7os do pecado e de toda atadura ao mundo.<\/p>\n<p>Desatai a venda que n\u00f3s mesmos atamos sobre nossos olhos, para dispensar-nos de ver a mis\u00e9ria que nos rodeia, e poder olhar nosso pr\u00f3prio eu sem nos incomodar e com compaix\u00e3o.<\/p>\n<p>Cravai em nosso cora\u00e7\u00e3o o aguilh\u00e3o da santa inquietude de Deus, para que n\u00e3o cessemos jamais de busca-lo com paix\u00e3o, contri\u00e7\u00e3o e amor.<\/p>\n<p>Buscai em n\u00f3s o Sangue de Nosso Senhor que se derramou por n\u00f3s. Buscai em n\u00f3s as l\u00e1grimas de nossa Rainha vertidas por nossa causa. Buscai em n\u00f3s a imagem de Deus destro\u00e7ada, desvanecida, deteriorada, imagem \u00e0 qual Deus quis nos criar por amor.<\/p>\n<p>Ajudai-nos a reconhecer Deus, a ador\u00e1-Lo, am\u00e1-Lo e servi-Lo. Ajudai-nos na luta contra os poderes das trevas que nos rodeiam e nos oprimem solapadamente.<\/p>\n<p>Ajudai-nos para que nenhum de n\u00f3s se perca e para que, um dia, gozosos, possamos nos reunir na felicidade eterna. Am\u00e9m.<\/p>\n<p>(Diz-se as inten\u00e7\u00f5es da novena e reza-se tr\u00eas Pai Nosso, Ave Maria e Gl\u00f3ria)<\/p>\n<p><strong>Invoca\u00e7\u00f5es finais<\/strong><\/p>\n<p>S\u00e3o Miguel, luta ao nosso lado com teus anjos, ajuda-nos e roga por n\u00f3s.<\/p>\n<p>S\u00e3o Rafael, luta ao nosso lado com teus anjos, ajuda-nos e roga por n\u00f3s.<\/p>\n<p>S\u00e3o Gabriel, luta ao nosso lado com teus anjos, ajuda-nos e roga por n\u00f3s.<\/p>\n<p>Am\u00e9m.(ACI)<\/p>\n","protected":false},"excerpt":{"rendered":"<p>Em 29 de setembro, a&nbsp;Igreja&nbsp;celebrar\u00e1 a Festa dos Santos Arcanjos Miguel, Gabriel e Rafael, que aparecem na B\u00edblia com miss\u00f5es importantes de Deus. Por isso, apresentamos uma novena em honra a esses tr\u00eas amigos do c\u00e9u que t\u00eam a tarefa de defender o homem na luta contra os planos do dem\u00f4nio: Pelo Sinal da Santa&nbsp;<\/p>\n<p><a class=\"btn btn-style\" href=\"http:\/\/portalcatolico.net\/portal\/hoje-comeca-a-novena-dos-santos-arcanjos-miguel-gabriel-e-rafael\/\">Continue Reading<\/a><\/p>\n","protected":false},"author":2,"featured_media":70209,"comment_status":"open","ping_status":"open","sticky":false,"template":"","format":"standard","meta":{"footnotes":""},"categories":[4],"tags":[],"class_list":["post-70208","post","type-post","status-publish","format-standard","has-post-thumbnail","hentry","category-destaques"],"_links":{"self":[{"href":"http:\/\/portalcatolico.net\/portal\/wp-json\/wp\/v2\/posts\/70208","targetHints":{"allow":["GET"]}}],"collection":[{"href":"http:\/\/portalcatolico.net\/portal\/wp-json\/wp\/v2\/posts"}],"about":[{"href":"http:\/\/portalcatolico.net\/portal\/wp-json\/wp\/v2\/types\/post"}],"author":[{"embeddable":true,"href":"http:\/\/portalcatolico.net\/portal\/wp-json\/wp\/v2\/users\/2"}],"replies":[{"embeddable":true,"href":"http:\/\/portalcatolico.net\/portal\/wp-json\/wp\/v2\/comments?post=70208"}],"version-history":[{"count":1,"href":"http:\/\/portalcatolico.net\/portal\/wp-json\/wp\/v2\/posts\/70208\/revisions"}],"predecessor-version":[{"id":70210,"href":"http:\/\/portalcatolico.net\/portal\/wp-json\/wp\/v2\/posts\/70208\/revisions\/70210"}],"wp:featuredmedia":[{"embeddable":true,"href":"http:\/\/portalcatolico.net\/portal\/wp-json\/wp\/v2\/media\/70209"}],"wp:attachment":[{"href":"http:\/\/portalcatolico.net\/portal\/wp-json\/wp\/v2\/media?parent=70208"}],"wp:term":[{"taxonomy":"category","embeddable":true,"href":"http:\/\/portalcatolico.net\/portal\/wp-json\/wp\/v2\/categories?post=70208"},{"taxonomy":"post_tag","embeddable":true,"href":"http:\/\/portalcatolico.net\/portal\/wp-json\/wp\/v2\/tags?post=70208"}],"curies":[{"name":"wp","href":"https:\/\/api.w.org\/{rel}","templated":true}]}}