{"id":70205,"date":"2020-09-19T17:45:59","date_gmt":"2020-09-19T20:45:59","guid":{"rendered":"http:\/\/portalcatolico.net\/portal\/?p=70205"},"modified":"2020-09-19T17:45:59","modified_gmt":"2020-09-19T20:45:59","slug":"em-live-sobre-prevencao-ao-suicidio-pastoral-familiar-e-motivada-a-exercitar-o-ver-com-amor","status":"publish","type":"post","link":"http:\/\/portalcatolico.net\/portal\/em-live-sobre-prevencao-ao-suicidio-pastoral-familiar-e-motivada-a-exercitar-o-ver-com-amor\/","title":{"rendered":"EM LIVE SOBRE PREVEN\u00c7\u00c3O AO SUIC\u00cdDIO, PASTORAL FAMILIAR \u00c9 MOTIVADA A \u201cEXERCITAR O VER COM AMOR\u201d"},"content":{"rendered":"<p>\u201cViu, sentiu compaix\u00e3o e cuidou\u201d. O vers\u00edculo do Evangelho de S\u00e3o Lucas que animou a Campanha da Fraternidade 2020 resume o convite aos agentes da Pastoral Familiar na live sobre preven\u00e7\u00e3o ao suic\u00eddio, promovida pelo Setor Casos Especiais da Comiss\u00e3o Nacional da Pastoral Familiar (CNPF), na noite desta quinta-feira, 17 de setembro. Irm\u00e3 Maria Couto, religiosa da Congrega\u00e7\u00e3o das Mission\u00e1rias do Santo Nome de Maria e psic\u00f3loga, foi a convidada para aprofundar a tem\u00e1tica na perspectiva da campanha Setembro Amarelo, voltada para chamar aten\u00e7\u00e3o sobre sa\u00fade mental e preven\u00e7\u00e3o ao suic\u00eddio.<\/p>\n<p>Para a religiosa, o trabalho de preven\u00e7\u00e3o, mostrando \u00e0s pessoas que elas n\u00e3o est\u00e3o sozinhas, consiste em \u201cver com amor\u201d.&nbsp;\u201cO olhar de amor n\u00e3o precisa de tantas palavras. Se a pessoa se sentir que foi vista com amor, \u00e9 o primeiro passo.&nbsp;O amor cura. Quem ama n\u00e3o desiste, encontra caminhos de dizer \u2018estou aqui\u2019. Devemos exercitar o nosso ver com amor.&nbsp;Quando Jesus tocava, \u00e9 porque ele via com amor\u201d, explicou irm\u00e3 Maria Couto.<\/p>\n<p>A religiosa explicou que o \u201colhar\u201d \u00e9 diferente do \u201cver\u201d. Para ela, \u00e0 luz da Par\u00e1bola do Bom Samaritano (Lucas 10), as pessoas devem n\u00e3o simplesmente olhar&nbsp;para a fam\u00edlia, mas v\u00ea-la. \u201cQuando a gente olha para essa din\u00e2mica fam\u00edlia, qual \u00e9 o nosso tempo para ver, debru\u00e7ar?\u201d, questiona. E continua: \u201cquando se trata de rela\u00e7\u00f5es, devemos ver\u201d, que \u00e9 uma observa\u00e7\u00e3o mais focada, pr\u00f3xima.<\/p>\n<h3>Olhar Pastoral<\/h3>\n<p>A realidade do suic\u00eddio, destacada durante este m\u00eas de setembro, \u00e9 uma das cinco principais preocupa\u00e7\u00f5es do Setor Casos Especiais da Pastoral Familiar. No Brasil, s\u00e3o mais de 12 mil casos, mas sabe-se que esse n\u00famero \u00e9 bem maior devido \u00e0 subnotifica\u00e7\u00e3o, de acordo com Associa\u00e7\u00e3o Brasileira de Psiquiatria. A maioria dos casos tem sido entre homens de 15 a 24 anos. Mas, segundo irm\u00e3 Maria Couto, tem chamado aten\u00e7\u00e3o de especialistas a realidade de idosos que n\u00e3o t\u00eam suportado a solid\u00e3o, com aumento nos casos entre 70 e 80 anos de idade.<\/p>\n<p>Neste contexto, a atua\u00e7\u00e3o da Pastoral Familiar deve se dar atenta a diferentes quest\u00f5es. Os agentes devem primeiro olhar para suas casas, uma vez que se observa a a\u00e7\u00e3o pastoral somente voltada para a fam\u00edlia do outro. \u201cEnquanto se olha a do outro, nego a minha. Transfiro para a fam\u00edlia do outro aquilo que n\u00e3o consigo resolver na minha\u201d, exemplifica irm\u00e3 Maria Couto, falando do equil\u00edbrio entre \u201cservir na Igreja Eclesial e na Igreja dom\u00e9stica\u201d.<\/p>\n<p>Tanto para tratar da tem\u00e1tica, quanto para atuar na preven\u00e7\u00e3o ao suic\u00eddio, \u00e9 necess\u00e1rio compreender que n\u00e3o \u00e9 uma&nbsp;escolha, mas uma doen\u00e7a. \u201cSuic\u00eddio \u00e9 um fen\u00f4meno complexo, multifacetado, com m\u00faltiplas determina\u00e7\u00f5es, n\u00e3o d\u00e1 para determinar se \u00e9 isso ou aquilo. \u00c9 por isso que requer o ver refinado\u201d, salientou irm\u00e3 Maria.<\/p>\n<p>A religiosa ressalta que a atua\u00e7\u00e3o deve ter prepara\u00e7\u00e3o pr\u00e9via e estar livre de preconceitos. \u201cSe n\u00e3o tem o que falar, chegue l\u00e1 e apenas abrace e n\u00e3o fale nada. Diga somente \u2018Estou aqui, voc\u00ea n\u00e3o est\u00e1 sozinho, conte conosco&#8217;\u201d, orientou irm\u00e3 Maria Couto.<\/p>\n<p>\u201cN\u00f3s precisamos preparar os nossos agentes e a\u00ed n\u00e3o \u00e9 s\u00f3 em caso do suic\u00eddio, em todos os casos de perdas, aus\u00eancias, de visita ao hospital, precisamos ser for\u00e7a e nunca um peso\u201d, exortou.<\/p>\n<p>A pessoa que comete suic\u00eddio ou tem a tend\u00eancia em atentar contra a pr\u00f3pria vida est\u00e1 passando por uma doen\u00e7a e apresenta sinais, os quais devem ser identificados e observados antes de que algo aconte\u00e7a. H\u00e1 tamb\u00e9m que se observar que n\u00e3o \u00e9 poss\u00edvel saber \u201ca intensidade da dor e do motivo de quem tirou a pr\u00f3pria vida\u201d.<\/p>\n<p>\u201cA\u00ed est\u00e1 uma grande responsabilidade para a Pastoral Familiar: como ser presen\u00e7a, mesmo online, para dizer, a gente est\u00e1 aqui, o que a gente pode fazer? Sejam presen\u00e7a, mesmo que silenciosa\u201d, motivou.<\/p>\n<h3>P\u00f3s-pandemia<\/h3>\n<p>Uma pergunta foi destacada da participa\u00e7\u00e3o de internautas sobre como oferecer ajuda para as pessoas que sofrem hoje ao n\u00e3o conseguirem oferecer um \u201csepultamento digno\u201d para os familiares v\u00edtimas da Covid-19.<\/p>\n<p>Para irm\u00e3 Maria Couto, \u00e9 preciso encontrar meios e criar pequenos grupos de viv\u00eancia, de partilha, com ajuda profissional. \u201cPor mais que seja comunit\u00e1rio, veja a possibilidade de um profissional psic\u00f3logo ou psiquiatra para estar ali junto que ajude se caso algu\u00e9m, dentro desses casos, d\u00ea um surto, pois \u00e9 muita dor reprimida\u201d, pondera.<\/p>\n<p>A live foi facilitada e moderada pelo casal coordenador e pelo assessor do Setor Casos Especiais da Pastoral Familiar, Afr\u00e2nio e Fl\u00e1via Soares, de Manaus (AM), e padre Fernando Francisco, diocese de Lins (SP).<\/p>\n<p>Confira a live na \u00edntegra:<\/p>\n<p><iframe loading=\"lazy\"  id=\"_ytid_81716\"  width=\"480\" height=\"270\"  data-origwidth=\"480\" data-origheight=\"270\" src=\"https:\/\/www.youtube.com\/embed\/M7-_j8DMyQ4?enablejsapi=1&#038;autoplay=0&#038;cc_load_policy=0&#038;cc_lang_pref=&#038;iv_load_policy=1&#038;loop=0&#038;rel=1&#038;fs=1&#038;playsinline=0&#038;autohide=2&#038;theme=dark&#038;color=red&#038;controls=1&#038;disablekb=0&#038;\" class=\"__youtube_prefs__  epyt-is-override  no-lazyload\" title=\"YouTube player\"  allow=\"fullscreen; accelerometer; autoplay; clipboard-write; encrypted-media; gyroscope; picture-in-picture; web-share\" referrerpolicy=\"strict-origin-when-cross-origin\" allowfullscreen data-no-lazy=\"1\" data-skipgform_ajax_framebjll=\"\"><\/iframe><\/p>\n<p>Nos pr\u00f3ximos meses, a Pastoral Familiar continua abordando a tem\u00e1tica com as dimens\u00f5es dos tratamentos medicamentosos e das casas que orientam e acolhem pessoas com dist\u00farbios mentais.<\/p>\n<p><strong>ONDE BUSCAR AJUDA<\/strong><\/p>\n<p><strong>CVV<\/strong>&nbsp;\u2013 Centro de Valoriza\u00e7\u00e3o da Vida \u2013 188&nbsp;<em>(liga\u00e7\u00e3o gratuita)<\/em><br \/>\n<strong>CAPS<\/strong>&nbsp;\u2013 Centro de Aten\u00e7\u00e3o Psicossocial;<br \/>\n<strong>UBS<\/strong>&nbsp;\u2013 Unidades B\u00e1sicas de Sa\u00fade (Sa\u00fade da fam\u00edlia, Postos e Centros de Sa\u00fade);<br \/>\nSAMU 192, UPA 24h, Pronto Socorro e hospitais;<br \/>\nOu procure os Centros e Casas de apoio \u00e0 Vida nas suas par\u00f3quias, dioceses ou regionais, ou Servi\u00e7os de Escuta<\/p>\n<p>Fonte:CNBB<\/p>\n","protected":false},"excerpt":{"rendered":"<p>\u201cViu, sentiu compaix\u00e3o e cuidou\u201d. O vers\u00edculo do Evangelho de S\u00e3o Lucas que animou a Campanha da Fraternidade 2020 resume o convite aos agentes da Pastoral Familiar na live sobre preven\u00e7\u00e3o ao suic\u00eddio, promovida pelo Setor Casos Especiais da Comiss\u00e3o Nacional da Pastoral Familiar (CNPF), na noite desta quinta-feira, 17 de setembro. Irm\u00e3 Maria Couto,&nbsp;<\/p>\n<p><a class=\"btn btn-style\" href=\"http:\/\/portalcatolico.net\/portal\/em-live-sobre-prevencao-ao-suicidio-pastoral-familiar-e-motivada-a-exercitar-o-ver-com-amor\/\">Continue Reading<\/a><\/p>\n","protected":false},"author":2,"featured_media":70206,"comment_status":"open","ping_status":"open","sticky":false,"template":"","format":"standard","meta":{"footnotes":""},"categories":[3],"tags":[],"class_list":["post-70205","post","type-post","status-publish","format-standard","has-post-thumbnail","hentry","category-noticias_regionais"],"_links":{"self":[{"href":"http:\/\/portalcatolico.net\/portal\/wp-json\/wp\/v2\/posts\/70205","targetHints":{"allow":["GET"]}}],"collection":[{"href":"http:\/\/portalcatolico.net\/portal\/wp-json\/wp\/v2\/posts"}],"about":[{"href":"http:\/\/portalcatolico.net\/portal\/wp-json\/wp\/v2\/types\/post"}],"author":[{"embeddable":true,"href":"http:\/\/portalcatolico.net\/portal\/wp-json\/wp\/v2\/users\/2"}],"replies":[{"embeddable":true,"href":"http:\/\/portalcatolico.net\/portal\/wp-json\/wp\/v2\/comments?post=70205"}],"version-history":[{"count":1,"href":"http:\/\/portalcatolico.net\/portal\/wp-json\/wp\/v2\/posts\/70205\/revisions"}],"predecessor-version":[{"id":70207,"href":"http:\/\/portalcatolico.net\/portal\/wp-json\/wp\/v2\/posts\/70205\/revisions\/70207"}],"wp:featuredmedia":[{"embeddable":true,"href":"http:\/\/portalcatolico.net\/portal\/wp-json\/wp\/v2\/media\/70206"}],"wp:attachment":[{"href":"http:\/\/portalcatolico.net\/portal\/wp-json\/wp\/v2\/media?parent=70205"}],"wp:term":[{"taxonomy":"category","embeddable":true,"href":"http:\/\/portalcatolico.net\/portal\/wp-json\/wp\/v2\/categories?post=70205"},{"taxonomy":"post_tag","embeddable":true,"href":"http:\/\/portalcatolico.net\/portal\/wp-json\/wp\/v2\/tags?post=70205"}],"curies":[{"name":"wp","href":"https:\/\/api.w.org\/{rel}","templated":true}]}}