{"id":70201,"date":"2020-09-19T17:39:49","date_gmt":"2020-09-19T20:39:49","guid":{"rendered":"http:\/\/portalcatolico.net\/portal\/?p=70201"},"modified":"2020-09-19T17:39:49","modified_gmt":"2020-09-19T20:39:49","slug":"papa-pandemia-acirrou-pobreza-farmaceutica-remedios-e-vacinas-sao-direitos-de-todos","status":"publish","type":"post","link":"http:\/\/portalcatolico.net\/portal\/papa-pandemia-acirrou-pobreza-farmaceutica-remedios-e-vacinas-sao-direitos-de-todos\/","title":{"rendered":"Papa: pandemia acirrou &#8220;pobreza farmac\u00eautica&#8221;; rem\u00e9dios e vacinas s\u00e3o direitos de todos"},"content":{"rendered":"<div class=\"article__subTitle\">Ao receber membros da Funda\u00e7\u00e3o Banco Farmac\u00eautico, o Papa Francisco n\u00e3o deixou de analisar a atual emerg\u00eancia social provocada pela pandemia: \u201cRepito que seria trise se, ao fornecer a vacina, se desse prioridade aos mais ricos, ou se esta vacina se tornasse propriedade desta ou daquela na\u00e7\u00e3o e se n\u00e3o fosse para todos\u201d.<\/div>\n<div>&nbsp;<\/div>\n<div class=\"title__separator\">O Papa Francisco concluiu sua s\u00e9rie de audi\u00eancias este s\u00e1bado recebendo, no Vaticano, os membros da Funda\u00e7\u00e3o Banco Farmac\u00eautico, presente na It\u00e1lia e em outras na\u00e7\u00f5es, nos 20 anos de sua cria\u00e7\u00e3o.<\/div>\n<div>\n<p>Em seu discurso o Pont\u00edfice foi direto ao denunciar uma \u201cmarginalidade farmac\u00eautica\u201d, isto \u00e9, pessoas que carecem de medicamentos devido \u00e0 pobreza.<\/p>\n<p>\u201cIsso cria um ulterior abismo entre as na\u00e7\u00f5es e os povos. No plano \u00e9tico, existe a possibilidade de curar uma doen\u00e7a com um medicamento, isto deveria estar dispon\u00edvel a todos, do contr\u00e1rio se cria injusti\u00e7a\u201d, afirmou o Pont\u00edfice.<\/p>\n<p>Demasiadas pessoas, crian\u00e7as, morrem ainda no mundo porque n\u00e3o podem ter um rem\u00e9dio ou uma vacina que em outras regi\u00f5es est\u00e1 dispon\u00edvel. &nbsp;<\/p>\n<div>\n<div class=\"article__embed article__embed--border embed_style\">\n<blockquote><p>\u201cConhecemos o perigo da globaliza\u00e7\u00e3o da indiferen\u00e7a; eu lhes proponho, ao inv\u00e9s, a globaliza\u00e7\u00e3o do tratamento, a possibilidade de acesso \u00e0queles medicamentos que poderiam salvar tantas vidas para todas as popula\u00e7\u00f5es. Isso requer um esfor\u00e7o comum, uma converg\u00eancia que envolva a todos.\u201d<\/p><\/blockquote>\n<\/div>\n<\/div>\n<p>O Papa ent\u00e3o se dirige a pesquisadores, casas farmac\u00eauticas, farmac\u00eauticos e governantes: cada um deles, dentro da sua \u00e1rea espec\u00edfica, pode contribuir para que a sa\u00fade seja acess\u00edvel sobretudo aos mais vulner\u00e1veis.<\/p>\n<p><strong>Acesso universal \u00e0 vacina<\/strong><\/p>\n<p>Para Francisco, n\u00e3o poderia faltar uma men\u00e7\u00e3o \u00e0 situa\u00e7\u00e3o que estamos vivendo:<\/p>\n<p>\u201cA recente experi\u00eancia da pandemia, al\u00e9m da grande emerg\u00eancia de sa\u00fade em que j\u00e1 morreram quase um milh\u00e3o de pessoas, est\u00e1 se transformando numa grave crise econ\u00f4mica, que gera mais pobres e fam\u00edlias que n\u00e3o sabem como ir avante.\u201d<\/p>\n<p>Na assist\u00eancia a essas pessoas, Francisco recomenda o combate inclusive \u00e0 \u201cpobreza farmac\u00eautica\u201d, em especial com uma ampla difus\u00e3o de novas vacinas.<\/p>\n<div>\n<div class=\"article__embed article__embed--border embed_style\">\n<blockquote><p>\u201cRepito que seria trise se, ao fornecer a vacina, se desse prioridade aos mais ricos, ou se esta vacina se tornasse propriedade desta ou daquela na\u00e7\u00e3o, e se n\u00e3o fosse mais para todos. Dever\u00e1 ser universal, para todos.\u201d<\/p><\/blockquote>\n<\/div>\n<\/div>\n<p>O Santo Padre conclui agradecendo uma das iniciativas do Banco, como o Dia de Coleta do F\u00e1rmaco, \u201cexemplo importante de como a generosidade e a compartilha dos bens podem melhorar a nossa sociedade e testemunhar aquele amor na proximidade que nos \u00e9 pedido pelo Evangelho\u201d.&nbsp;<\/p>\n<\/div>\n<div class=\"article__text\">\n<p><b>Por Bianca Fraccalvieri \/Vatican News<\/b><\/p>\n<\/div>\n","protected":false},"excerpt":{"rendered":"<p>Ao receber membros da Funda\u00e7\u00e3o Banco Farmac\u00eautico, o Papa Francisco n\u00e3o deixou de analisar a atual emerg\u00eancia social provocada pela pandemia: \u201cRepito que seria trise se, ao fornecer a vacina, se desse prioridade aos mais ricos, ou se esta vacina se tornasse propriedade desta ou daquela na\u00e7\u00e3o e se n\u00e3o fosse para todos\u201d. &nbsp; O&nbsp;<\/p>\n<p><a class=\"btn btn-style\" href=\"http:\/\/portalcatolico.net\/portal\/papa-pandemia-acirrou-pobreza-farmaceutica-remedios-e-vacinas-sao-direitos-de-todos\/\">Continue Reading<\/a><\/p>\n","protected":false},"author":2,"featured_media":70202,"comment_status":"open","ping_status":"open","sticky":false,"template":"","format":"standard","meta":{"footnotes":""},"categories":[5],"tags":[],"class_list":["post-70201","post","type-post","status-publish","format-standard","has-post-thumbnail","hentry","category-igreja_no_mundo"],"_links":{"self":[{"href":"http:\/\/portalcatolico.net\/portal\/wp-json\/wp\/v2\/posts\/70201","targetHints":{"allow":["GET"]}}],"collection":[{"href":"http:\/\/portalcatolico.net\/portal\/wp-json\/wp\/v2\/posts"}],"about":[{"href":"http:\/\/portalcatolico.net\/portal\/wp-json\/wp\/v2\/types\/post"}],"author":[{"embeddable":true,"href":"http:\/\/portalcatolico.net\/portal\/wp-json\/wp\/v2\/users\/2"}],"replies":[{"embeddable":true,"href":"http:\/\/portalcatolico.net\/portal\/wp-json\/wp\/v2\/comments?post=70201"}],"version-history":[{"count":1,"href":"http:\/\/portalcatolico.net\/portal\/wp-json\/wp\/v2\/posts\/70201\/revisions"}],"predecessor-version":[{"id":70203,"href":"http:\/\/portalcatolico.net\/portal\/wp-json\/wp\/v2\/posts\/70201\/revisions\/70203"}],"wp:featuredmedia":[{"embeddable":true,"href":"http:\/\/portalcatolico.net\/portal\/wp-json\/wp\/v2\/media\/70202"}],"wp:attachment":[{"href":"http:\/\/portalcatolico.net\/portal\/wp-json\/wp\/v2\/media?parent=70201"}],"wp:term":[{"taxonomy":"category","embeddable":true,"href":"http:\/\/portalcatolico.net\/portal\/wp-json\/wp\/v2\/categories?post=70201"},{"taxonomy":"post_tag","embeddable":true,"href":"http:\/\/portalcatolico.net\/portal\/wp-json\/wp\/v2\/tags?post=70201"}],"curies":[{"name":"wp","href":"https:\/\/api.w.org\/{rel}","templated":true}]}}