{"id":70198,"date":"2020-09-17T18:22:49","date_gmt":"2020-09-17T21:22:49","guid":{"rendered":"http:\/\/portalcatolico.net\/portal\/?p=70198"},"modified":"2020-09-17T18:22:49","modified_gmt":"2020-09-17T21:22:49","slug":"o-casamento-mais-duradouro-do-mundo","status":"publish","type":"post","link":"http:\/\/portalcatolico.net\/portal\/o-casamento-mais-duradouro-do-mundo\/","title":{"rendered":"O casamento mais duradouro do mundo"},"content":{"rendered":"<h2 class=\"subtitle\">Os pais tentaram impedi-los de se casar, mas 80 anos depois eles ainda se dizem apaixonados<\/h2>\n<div class=\"base-post-content\">Eles t\u00eam 110 e 104 anos, respectivamente, e est\u00e3o casados \u200b\u200bh\u00e1 quase 80 anos. Julio Cesar Mora Tapia e Waldramina Maclovia Quinteros Reyes s\u00e3o donos de um belo recorde: s\u00e3o o casal com a maior idade combinada do mundo \u2013 quase 215 anos combinados, segundo o site&nbsp;<em>Guinness World Records<\/em>.<br \/>\nOs dois professores equatorianas s\u00e3o a prova viva de que o amor pode ser cada vez mais terno, capaz de superar as dificuldades e desfrutar dos pequenos momentos de felicidade que a vida oferece.Eles se conheceram h\u00e1 oito d\u00e9cadas, quando Waldramina foi visitar sua irm\u00e3 durante as f\u00e9rias escolares. Julio Cesar era vizinho e primo de seu cunhado. O encontro foi simples e eles se apaixonaram depois de estabelecer uma bela amizade. A amizade, dizem eles, \u00e9 a for\u00e7a motriz de seu amor, porque primeiro se tornaram amigos e depois come\u00e7aram a namorar. Eles levaram sete anos para se casar.<\/p>\n<p>Waldramina descobriu em J\u00falio C\u00e9sar um homem amoroso, cuja poesia conquistou seu cora\u00e7\u00e3o. Julio, entretanto, ficou cativado pela bondade e beleza de Waldramina. Os dois compartilhavam&nbsp;<em>hobbies<\/em>&nbsp;e longas horas de conversa.<\/p>\n<p>Em 7 de fevereiro de 1941, eles se casaram na \u201cIgreja de Bel\u00e9m\u201d, em Quito. Foi uma celebra\u00e7\u00e3o secreta com apenas alguns convidados, incluindo seus padrinhos e amigos mais pr\u00f3ximos, j\u00e1 que suas fam\u00edlias n\u00e3o aprovaram o casamento.<\/p>\n<p>Eles tiveram cinco filhos, que agora tamb\u00e9m s\u00e3o av\u00f3s e at\u00e9 bisav\u00f3s! Julio Cesar e Waldramina t\u00eam 11 netos, 21 bisnetos e 9 tataranetos!<\/p>\n<p>Como professores, eles consideram a educa\u00e7\u00e3o vital, porque, como disseram ao&nbsp;<em>Guinness World Records<\/em>, \u201cela nos permitiu tra\u00e7ar um curso para todas as gera\u00e7\u00f5es de nossa grande fam\u00edlia\u201d. Para eles, \u201ca unidade familiar sob as regras do amor, respeito m\u00fatuo e uma educa\u00e7\u00e3o adequada baseada nos valores familiares s\u00e3o as chaves para vivermos juntos com sa\u00fade\u201d.<\/p>\n<p>Que este belo exemplo inspire as gera\u00e7\u00f5es mais jovens a perseverar no casamento, sabendo que o amor e o compromisso verdadeiros e duradouros s\u00e3o realmente poss\u00edveis.(Aleteia)<\/p>\n<\/div>\n","protected":false},"excerpt":{"rendered":"<p>Os pais tentaram impedi-los de se casar, mas 80 anos depois eles ainda se dizem apaixonados Eles t\u00eam 110 e 104 anos, respectivamente, e est\u00e3o casados \u200b\u200bh\u00e1 quase 80 anos. Julio Cesar Mora Tapia e Waldramina Maclovia Quinteros Reyes s\u00e3o donos de um belo recorde: s\u00e3o o casal com a maior idade combinada do mundo&nbsp;<\/p>\n<p><a class=\"btn btn-style\" href=\"http:\/\/portalcatolico.net\/portal\/o-casamento-mais-duradouro-do-mundo\/\">Continue Reading<\/a><\/p>\n","protected":false},"author":2,"featured_media":70199,"comment_status":"open","ping_status":"open","sticky":false,"template":"","format":"standard","meta":{"footnotes":""},"categories":[5],"tags":[],"class_list":["post-70198","post","type-post","status-publish","format-standard","has-post-thumbnail","hentry","category-igreja_no_mundo"],"_links":{"self":[{"href":"http:\/\/portalcatolico.net\/portal\/wp-json\/wp\/v2\/posts\/70198","targetHints":{"allow":["GET"]}}],"collection":[{"href":"http:\/\/portalcatolico.net\/portal\/wp-json\/wp\/v2\/posts"}],"about":[{"href":"http:\/\/portalcatolico.net\/portal\/wp-json\/wp\/v2\/types\/post"}],"author":[{"embeddable":true,"href":"http:\/\/portalcatolico.net\/portal\/wp-json\/wp\/v2\/users\/2"}],"replies":[{"embeddable":true,"href":"http:\/\/portalcatolico.net\/portal\/wp-json\/wp\/v2\/comments?post=70198"}],"version-history":[{"count":1,"href":"http:\/\/portalcatolico.net\/portal\/wp-json\/wp\/v2\/posts\/70198\/revisions"}],"predecessor-version":[{"id":70200,"href":"http:\/\/portalcatolico.net\/portal\/wp-json\/wp\/v2\/posts\/70198\/revisions\/70200"}],"wp:featuredmedia":[{"embeddable":true,"href":"http:\/\/portalcatolico.net\/portal\/wp-json\/wp\/v2\/media\/70199"}],"wp:attachment":[{"href":"http:\/\/portalcatolico.net\/portal\/wp-json\/wp\/v2\/media?parent=70198"}],"wp:term":[{"taxonomy":"category","embeddable":true,"href":"http:\/\/portalcatolico.net\/portal\/wp-json\/wp\/v2\/categories?post=70198"},{"taxonomy":"post_tag","embeddable":true,"href":"http:\/\/portalcatolico.net\/portal\/wp-json\/wp\/v2\/tags?post=70198"}],"curies":[{"name":"wp","href":"https:\/\/api.w.org\/{rel}","templated":true}]}}