{"id":70178,"date":"2020-09-12T18:00:19","date_gmt":"2020-09-12T21:00:19","guid":{"rendered":"http:\/\/portalcatolico.net\/portal\/?p=70178"},"modified":"2020-09-12T18:46:02","modified_gmt":"2020-09-12T21:46:02","slug":"devotos-de-nossa-senhora-do-pilar-participam-de-novenario","status":"publish","type":"post","link":"http:\/\/portalcatolico.net\/portal\/devotos-de-nossa-senhora-do-pilar-participam-de-novenario\/","title":{"rendered":"Devotos de Nossa Senhora do Pilar participam de noven\u00e1rio"},"content":{"rendered":"<p>Com o tema \u201cSobre o Pilar que \u00e9 Jesus, somos sustentados pela intercess\u00e3o da Virgem Maria\u201d, a Igreja Nossa Senhora do Pilar e Santa Luzia realiza o noven\u00e1rio em prepara\u00e7\u00e3o \u00e0 festa de uma das padroeiras: a Virgem do Pilar. De 11 a 19 de setembro os fi\u00e9is poder\u00e3o acompanhar o noven\u00e1rio, que ser\u00e1 transmitido ao vivo pelas redes sociais (Facebook e Instagram: @igrejapilarsantaluzia).<\/p>\n<p>Todos os dias, as Celebra\u00e7\u00f5es Eucar\u00edsticas ter\u00e3o in\u00edcio sempre \u00e0s 17h, seguidas da novena, \u00e0s 18h30, com exce\u00e7\u00e3o do dia 13 de setembro, quando haver\u00e1 a Missa em devo\u00e7\u00e3o a Santa Luzia, \u00e0s 9h. O \u00e1pice dos festejos ser\u00e1 no dia 20, quando os devotos de Nossa Senhora do Pilar participar\u00e3o da alvorada com repique de sinos e fogos, \u00e0s 6h; e carreata, \u00e0s 7h30, saindo da Bas\u00edlica Santu\u00e1rio Nossa Senhora da Concei\u00e7\u00e3o da Praia e percorrendo as principais ruas do bairro do Com\u00e9rcio. A Missa Solene ser\u00e1 presidida pelo Arcebispo de Salvador e Primaz do Brasil, Cardeal Dom Sergio da Rocha, \u00e0s 9h.<\/p>\n<div class=\"jeg_share_bottom_container\">\n<div class=\"jeg_share_button colored clearfix\">\n<div class=\"jeg_sharelist type-1\">Fonte:Arquidiocese de Salvador (BA)<\/div>\n<\/div>\n<\/div>\n","protected":false},"excerpt":{"rendered":"<p>Com o tema \u201cSobre o Pilar que \u00e9 Jesus, somos sustentados pela intercess\u00e3o da Virgem Maria\u201d, a Igreja Nossa Senhora do Pilar e Santa Luzia realiza o noven\u00e1rio em prepara\u00e7\u00e3o \u00e0 festa de uma das padroeiras: a Virgem do Pilar. De 11 a 19 de setembro os fi\u00e9is poder\u00e3o acompanhar o noven\u00e1rio, que ser\u00e1 transmitido&nbsp;<\/p>\n<p><a class=\"btn btn-style\" href=\"http:\/\/portalcatolico.net\/portal\/devotos-de-nossa-senhora-do-pilar-participam-de-novenario\/\">Continue Reading<\/a><\/p>\n","protected":false},"author":2,"featured_media":70179,"comment_status":"open","ping_status":"open","sticky":false,"template":"","format":"standard","meta":{"footnotes":""},"categories":[3],"tags":[],"class_list":["post-70178","post","type-post","status-publish","format-standard","has-post-thumbnail","hentry","category-noticias_regionais"],"_links":{"self":[{"href":"http:\/\/portalcatolico.net\/portal\/wp-json\/wp\/v2\/posts\/70178","targetHints":{"allow":["GET"]}}],"collection":[{"href":"http:\/\/portalcatolico.net\/portal\/wp-json\/wp\/v2\/posts"}],"about":[{"href":"http:\/\/portalcatolico.net\/portal\/wp-json\/wp\/v2\/types\/post"}],"author":[{"embeddable":true,"href":"http:\/\/portalcatolico.net\/portal\/wp-json\/wp\/v2\/users\/2"}],"replies":[{"embeddable":true,"href":"http:\/\/portalcatolico.net\/portal\/wp-json\/wp\/v2\/comments?post=70178"}],"version-history":[{"count":1,"href":"http:\/\/portalcatolico.net\/portal\/wp-json\/wp\/v2\/posts\/70178\/revisions"}],"predecessor-version":[{"id":70180,"href":"http:\/\/portalcatolico.net\/portal\/wp-json\/wp\/v2\/posts\/70178\/revisions\/70180"}],"wp:featuredmedia":[{"embeddable":true,"href":"http:\/\/portalcatolico.net\/portal\/wp-json\/wp\/v2\/media\/70179"}],"wp:attachment":[{"href":"http:\/\/portalcatolico.net\/portal\/wp-json\/wp\/v2\/media?parent=70178"}],"wp:term":[{"taxonomy":"category","embeddable":true,"href":"http:\/\/portalcatolico.net\/portal\/wp-json\/wp\/v2\/categories?post=70178"},{"taxonomy":"post_tag","embeddable":true,"href":"http:\/\/portalcatolico.net\/portal\/wp-json\/wp\/v2\/tags?post=70178"}],"curies":[{"name":"wp","href":"https:\/\/api.w.org\/{rel}","templated":true}]}}