{"id":70097,"date":"2020-09-01T19:09:51","date_gmt":"2020-09-01T22:09:51","guid":{"rendered":"http:\/\/portalcatolico.net\/portal\/?p=70097"},"modified":"2020-09-01T19:10:26","modified_gmt":"2020-09-01T22:10:26","slug":"participe-da-romaria-virtual-de-nossa-senhora-da-pena","status":"publish","type":"post","link":"http:\/\/portalcatolico.net\/portal\/participe-da-romaria-virtual-de-nossa-senhora-da-pena\/","title":{"rendered":"Participe da Romaria Virtual de Nossa Senhora da Pena!"},"content":{"rendered":"<p style=\"font-weight: 400;\">Come\u00e7ou no dia 30 de agosto, a Romaria Virtual de Nossa Senhora da Pena, padroeira de Porto Seguro (BA). A programa\u00e7\u00e3o segue at\u00e9 o dia 8 de setembro. Por conta da pandemia, o evento n\u00e3o est\u00e1 acontecendo presencialmente. A transmiss\u00e3o da Romaria est\u00e1 acontecendo ao vivo pelas redes sociais da Par\u00f3quia.&nbsp;<\/p>\n<p style=\"font-weight: 400;\">Para acompanhar a programa\u00e7\u00e3o, acesse este link:&nbsp;&nbsp;<a href=\"https:\/\/www.youtube.com\/channel\/UChvU4qYWeAvZW-nmky3EMZw?sub_confirmation=1\">https:\/\/www.youtube.com\/channel\/UChvU4qYWeAvZW-nmky3EMZw?sub_confirmation=1<\/a>&nbsp;<\/p>\n<p>Foto: Reprodu\u00e7\u00e3o\/Internet<\/p>\n","protected":false},"excerpt":{"rendered":"<p>Come\u00e7ou no dia 30 de agosto, a Romaria Virtual de Nossa Senhora da Pena, padroeira de Porto Seguro (BA). A programa\u00e7\u00e3o segue at\u00e9 o dia 8 de setembro. Por conta da pandemia, o evento n\u00e3o est\u00e1 acontecendo presencialmente. A transmiss\u00e3o da Romaria est\u00e1 acontecendo ao vivo pelas redes sociais da Par\u00f3quia.&nbsp; Para acompanhar a programa\u00e7\u00e3o,&nbsp;<\/p>\n<p><a class=\"btn btn-style\" href=\"http:\/\/portalcatolico.net\/portal\/participe-da-romaria-virtual-de-nossa-senhora-da-pena\/\">Continue Reading<\/a><\/p>\n","protected":false},"author":2,"featured_media":70098,"comment_status":"open","ping_status":"open","sticky":false,"template":"","format":"standard","meta":{"footnotes":""},"categories":[4],"tags":[],"class_list":["post-70097","post","type-post","status-publish","format-standard","has-post-thumbnail","hentry","category-destaques"],"_links":{"self":[{"href":"http:\/\/portalcatolico.net\/portal\/wp-json\/wp\/v2\/posts\/70097","targetHints":{"allow":["GET"]}}],"collection":[{"href":"http:\/\/portalcatolico.net\/portal\/wp-json\/wp\/v2\/posts"}],"about":[{"href":"http:\/\/portalcatolico.net\/portal\/wp-json\/wp\/v2\/types\/post"}],"author":[{"embeddable":true,"href":"http:\/\/portalcatolico.net\/portal\/wp-json\/wp\/v2\/users\/2"}],"replies":[{"embeddable":true,"href":"http:\/\/portalcatolico.net\/portal\/wp-json\/wp\/v2\/comments?post=70097"}],"version-history":[{"count":2,"href":"http:\/\/portalcatolico.net\/portal\/wp-json\/wp\/v2\/posts\/70097\/revisions"}],"predecessor-version":[{"id":70100,"href":"http:\/\/portalcatolico.net\/portal\/wp-json\/wp\/v2\/posts\/70097\/revisions\/70100"}],"wp:featuredmedia":[{"embeddable":true,"href":"http:\/\/portalcatolico.net\/portal\/wp-json\/wp\/v2\/media\/70098"}],"wp:attachment":[{"href":"http:\/\/portalcatolico.net\/portal\/wp-json\/wp\/v2\/media?parent=70097"}],"wp:term":[{"taxonomy":"category","embeddable":true,"href":"http:\/\/portalcatolico.net\/portal\/wp-json\/wp\/v2\/categories?post=70097"},{"taxonomy":"post_tag","embeddable":true,"href":"http:\/\/portalcatolico.net\/portal\/wp-json\/wp\/v2\/tags?post=70097"}],"curies":[{"name":"wp","href":"https:\/\/api.w.org\/{rel}","templated":true}]}}