{"id":70025,"date":"2020-08-21T18:29:12","date_gmt":"2020-08-21T21:29:12","guid":{"rendered":"http:\/\/portalcatolico.net\/portal\/?p=70025"},"modified":"2020-08-21T18:29:12","modified_gmt":"2020-08-21T21:29:12","slug":"papa-francisco-deus-quer-nos-lembrar-que-a-unica-coisa-que-permanece-e-o-amor","status":"publish","type":"post","link":"http:\/\/portalcatolico.net\/portal\/papa-francisco-deus-quer-nos-lembrar-que-a-unica-coisa-que-permanece-e-o-amor\/","title":{"rendered":"Papa Francisco: Deus quer nos lembrar que a \u00fanica coisa que permanece \u00e9 o amor"},"content":{"rendered":"<p>O Papa Francisco afirmou que, entre tantas coisas que passam, Deus quer nos recordar que s\u00f3 o amor permanecer\u00e1.<\/p>\n<div class=\"twitter-tweet twitter-tweet-rendered\"><iframe id=\"twitter-widget-0\" class=\"\" title=\"Twitter Tweet\" src=\"https:\/\/platform.twitter.com\/embed\/index.html?creatorScreenName=acidigital&amp;dnt=false&amp;embedId=twitter-widget-0&amp;frame=false&amp;hideCard=false&amp;hideThread=false&amp;id=1296771529804480513&amp;lang=en&amp;origin=https%3A%2F%2Fwww.acidigital.com%2Fnoticias%2Fpapa-francisco-deus-quer-nos-lembrar-que-a-unica-coisa-que-permanece-e-o-amor-96818&amp;siteScreenName=acidigital&amp;theme=light&amp;widgetsVersion=223fc1c4%3A1596143124634&amp;width=550px\" frameborder=\"0\" scrolling=\"no\" allowfullscreen=\"allowfullscreen\" data-tweet-id=\"1296771529804480513\" data-mce-fragment=\"1\"><\/iframe><\/div>\n<p>\u201cEntre tantas coisas que passam, o Senhor quer nos recordar o que ficar\u00e1 para sempre: o amor, porque \u2018Deus \u00e9 amor\u2019\u201d, escreveu o Santo Padre neste dia 21 de agosto em sua conta de Twitter.<\/p>\n<p>A mensagem que o Santo Padre compartilha nesta sexta-feira, retoma a ideia da sua mensagem de ontem, na qual pediu \u201cque o Esp\u00edrito Santo nos fa\u00e7a crescer constantemente no conhecimento de Deus para que possamos propagar seu amor e sua verdade no mundo&#8221;.<\/p>\n<p>No dia 5 de abril, quando celebrou&nbsp;a Missa do Domingo de Ramos, o Papa Francisco disse que frente ao \u201cdrama da pandemia, perante tantas certezas que se desmoronam, diante de tantas expetativas tra\u00eddas, no sentido de abandono que nos aperta o cora\u00e7\u00e3o, Jesus diz a cada um: \u2018Coragem! Abre o cora\u00e7\u00e3o ao meu amor. Sentir\u00e1s a consola\u00e7\u00e3o de Deus, que te sustenta\u2019\u201d.<\/p>\n<p>\u201cQue podemos fazer vendo Deus que nos serviu at\u00e9 experimentar a trai\u00e7\u00e3o e o abandono? Podemos n\u00e3o trair aquilo para que fomos criados, nem abandonar o que conta. Estamos no mundo, para amar a Ele e aos outros: o resto passa, isto permanece\u201d, continuou.<\/p>\n<p>O Papa destacou em seguida que \u201co drama que estamos a atravessar neste per\u00edodo impele-nos a levar a s\u00e9rio o que \u00e9 s\u00e9rio, a n\u00e3o nos perdermos em coisas de pouco valor; a redescobrir que a&nbsp;vida&nbsp;n\u00e3o serve, se n\u00e3o se serve. Porque a vida mede-se pelo amor\u201d.<\/p>\n<p>\u201c\u00c9 certo que amar, rezar, perdoar, cuidar dos outros, tanto em fam\u00edlia como na sociedade, pode custar; pode parecer uma via-sacra. Mas a senda do servi\u00e7o \u00e9 o caminho vencedor, que nos salvou e salva, que nos salva a vida\u201d.<\/p>\n<p>O Papa Francisco tamb\u00e9m alentou a olhar \u201cpara os verdadeiros her\u00f3is que v\u00eam \u00e0 luz nestes dias: n\u00e3o s\u00e3o aqueles que t\u00eam fama, dinheiro e sucesso, mas aqueles que se oferecem para servir os outros. Senti-vos chamados a arriscar a vida. N\u00e3o tenhais medo de a gastar por Deus e pelos outros! Lucrareis\u2026 Porque a vida \u00e9 um dom que se recebe doando-se. E porque a maior alegria \u00e9 dizer sim ao amor, sem se nem mas&#8230; Dizer sim ao amor, sem se nem mas, como fez Jesus por n\u00f3s\u201d.(ACI)<\/p>\n<p>Papa Francisco. Cr\u00e9dito\/foto: Daniel Ib\u00e1\u00f1ez<\/p>\n","protected":false},"excerpt":{"rendered":"<p>O Papa Francisco afirmou que, entre tantas coisas que passam, Deus quer nos recordar que s\u00f3 o amor permanecer\u00e1. \u201cEntre tantas coisas que passam, o Senhor quer nos recordar o que ficar\u00e1 para sempre: o amor, porque \u2018Deus \u00e9 amor\u2019\u201d, escreveu o Santo Padre neste dia 21 de agosto em sua conta de Twitter. A&nbsp;<\/p>\n<p><a class=\"btn btn-style\" href=\"http:\/\/portalcatolico.net\/portal\/papa-francisco-deus-quer-nos-lembrar-que-a-unica-coisa-que-permanece-e-o-amor\/\">Continue Reading<\/a><\/p>\n","protected":false},"author":2,"featured_media":70026,"comment_status":"open","ping_status":"open","sticky":false,"template":"","format":"standard","meta":{"footnotes":""},"categories":[5],"tags":[],"class_list":["post-70025","post","type-post","status-publish","format-standard","has-post-thumbnail","hentry","category-igreja_no_mundo"],"_links":{"self":[{"href":"http:\/\/portalcatolico.net\/portal\/wp-json\/wp\/v2\/posts\/70025","targetHints":{"allow":["GET"]}}],"collection":[{"href":"http:\/\/portalcatolico.net\/portal\/wp-json\/wp\/v2\/posts"}],"about":[{"href":"http:\/\/portalcatolico.net\/portal\/wp-json\/wp\/v2\/types\/post"}],"author":[{"embeddable":true,"href":"http:\/\/portalcatolico.net\/portal\/wp-json\/wp\/v2\/users\/2"}],"replies":[{"embeddable":true,"href":"http:\/\/portalcatolico.net\/portal\/wp-json\/wp\/v2\/comments?post=70025"}],"version-history":[{"count":1,"href":"http:\/\/portalcatolico.net\/portal\/wp-json\/wp\/v2\/posts\/70025\/revisions"}],"predecessor-version":[{"id":70027,"href":"http:\/\/portalcatolico.net\/portal\/wp-json\/wp\/v2\/posts\/70025\/revisions\/70027"}],"wp:featuredmedia":[{"embeddable":true,"href":"http:\/\/portalcatolico.net\/portal\/wp-json\/wp\/v2\/media\/70026"}],"wp:attachment":[{"href":"http:\/\/portalcatolico.net\/portal\/wp-json\/wp\/v2\/media?parent=70025"}],"wp:term":[{"taxonomy":"category","embeddable":true,"href":"http:\/\/portalcatolico.net\/portal\/wp-json\/wp\/v2\/categories?post=70025"},{"taxonomy":"post_tag","embeddable":true,"href":"http:\/\/portalcatolico.net\/portal\/wp-json\/wp\/v2\/tags?post=70025"}],"curies":[{"name":"wp","href":"https:\/\/api.w.org\/{rel}","templated":true}]}}