{"id":69644,"date":"2020-07-03T19:09:50","date_gmt":"2020-07-03T22:09:50","guid":{"rendered":"http:\/\/portalcatolico.net\/portal\/?p=69644"},"modified":"2020-07-05T19:11:43","modified_gmt":"2020-07-05T22:11:43","slug":"43a-romaria-da-terra-e-das-aguas-comeca-hoje","status":"publish","type":"post","link":"http:\/\/portalcatolico.net\/portal\/43a-romaria-da-terra-e-das-aguas-comeca-hoje\/","title":{"rendered":"43\u00aa Romaria da Terra e das \u00c1guas come\u00e7a hoje!"},"content":{"rendered":"<div>Nesta sexta-feira (3), \u00e0s 17h, vai ter in\u00edcio a 43\u00aa Romaria da Terra e das \u00c1guas.<\/div>\n<div>Neste primeiro dia da Romaria Virtual, vai acontecer a Missa de Abertura e a Novena ao Bom Jesus \u2013 Os clamores dos povos da terra e das \u00e1guas.<\/div>\n<div dir=\"auto\">Acompanhe a programa\u00e7\u00e3o completa atrav\u00e9s dos canais:&nbsp;Santu\u00e1rio Bom Jesus da Lapa (<a href=\"https:\/\/bit.ly\/2ZphP08); TV Bom Jesus (https:\/\/bit.ly\/2BsrWta\">https:\/\/bit.ly\/2ZphP08);&nbsp;TV Bom Jesus (https:\/\/bit.ly\/2BsrWta<\/a>);&nbsp;Comiss\u00e3o Pastoral da Terra (https:\/\/bit.ly\/3dWC62A) e&nbsp;&nbsp;C\u00e1ritas (https:\/\/bit.ly\/3eRPu98).<\/div>\n<p>Confira a programa\u00e7\u00e3o no cartaz!<\/p>\n<p><img loading=\"lazy\" decoding=\"async\" class=\"alignnone wp-image-69645\" src=\"http:\/\/portalcatolico.net\/portal\/wp-content\/uploads\/2020\/07\/431f44a5-fd65-4455-ab9d-a4e46067f99b-237x300.jpg\" alt=\"\" width=\"826\" height=\"1046\" srcset=\"http:\/\/portalcatolico.net\/portal\/wp-content\/uploads\/2020\/07\/431f44a5-fd65-4455-ab9d-a4e46067f99b-237x300.jpg 237w, http:\/\/portalcatolico.net\/portal\/wp-content\/uploads\/2020\/07\/431f44a5-fd65-4455-ab9d-a4e46067f99b-768x972.jpg 768w, http:\/\/portalcatolico.net\/portal\/wp-content\/uploads\/2020\/07\/431f44a5-fd65-4455-ab9d-a4e46067f99b-809x1024.jpg 809w, http:\/\/portalcatolico.net\/portal\/wp-content\/uploads\/2020\/07\/431f44a5-fd65-4455-ab9d-a4e46067f99b.jpg 1011w\" sizes=\"auto, (max-width: 826px) 100vw, 826px\" \/><\/p>\n","protected":false},"excerpt":{"rendered":"<p>Nesta sexta-feira (3), \u00e0s 17h, vai ter in\u00edcio a 43\u00aa Romaria da Terra e das \u00c1guas. Neste primeiro dia da Romaria Virtual, vai acontecer a Missa de Abertura e a Novena ao Bom Jesus \u2013 Os clamores dos povos da terra e das \u00e1guas. Acompanhe a programa\u00e7\u00e3o completa atrav\u00e9s dos canais:&nbsp;Santu\u00e1rio Bom Jesus da Lapa&nbsp;<\/p>\n<p><a class=\"btn btn-style\" href=\"http:\/\/portalcatolico.net\/portal\/43a-romaria-da-terra-e-das-aguas-comeca-hoje\/\">Continue Reading<\/a><\/p>\n","protected":false},"author":2,"featured_media":69647,"comment_status":"open","ping_status":"open","sticky":false,"template":"","format":"standard","meta":{"footnotes":""},"categories":[3],"tags":[],"class_list":["post-69644","post","type-post","status-publish","format-standard","has-post-thumbnail","hentry","category-noticias_regionais"],"_links":{"self":[{"href":"http:\/\/portalcatolico.net\/portal\/wp-json\/wp\/v2\/posts\/69644","targetHints":{"allow":["GET"]}}],"collection":[{"href":"http:\/\/portalcatolico.net\/portal\/wp-json\/wp\/v2\/posts"}],"about":[{"href":"http:\/\/portalcatolico.net\/portal\/wp-json\/wp\/v2\/types\/post"}],"author":[{"embeddable":true,"href":"http:\/\/portalcatolico.net\/portal\/wp-json\/wp\/v2\/users\/2"}],"replies":[{"embeddable":true,"href":"http:\/\/portalcatolico.net\/portal\/wp-json\/wp\/v2\/comments?post=69644"}],"version-history":[{"count":1,"href":"http:\/\/portalcatolico.net\/portal\/wp-json\/wp\/v2\/posts\/69644\/revisions"}],"predecessor-version":[{"id":69646,"href":"http:\/\/portalcatolico.net\/portal\/wp-json\/wp\/v2\/posts\/69644\/revisions\/69646"}],"wp:featuredmedia":[{"embeddable":true,"href":"http:\/\/portalcatolico.net\/portal\/wp-json\/wp\/v2\/media\/69647"}],"wp:attachment":[{"href":"http:\/\/portalcatolico.net\/portal\/wp-json\/wp\/v2\/media?parent=69644"}],"wp:term":[{"taxonomy":"category","embeddable":true,"href":"http:\/\/portalcatolico.net\/portal\/wp-json\/wp\/v2\/categories?post=69644"},{"taxonomy":"post_tag","embeddable":true,"href":"http:\/\/portalcatolico.net\/portal\/wp-json\/wp\/v2\/tags?post=69644"}],"curies":[{"name":"wp","href":"https:\/\/api.w.org\/{rel}","templated":true}]}}