{"id":69632,"date":"2020-07-04T17:20:52","date_gmt":"2020-07-04T20:20:52","guid":{"rendered":"http:\/\/portalcatolico.net\/portal\/?p=69632"},"modified":"2020-07-05T17:21:16","modified_gmt":"2020-07-05T20:21:16","slug":"em-180-anos-pela-1a-vez-a-festa-do-pai-eterno-acontece-sem-participacao-dos-fieis","status":"publish","type":"post","link":"http:\/\/portalcatolico.net\/portal\/em-180-anos-pela-1a-vez-a-festa-do-pai-eterno-acontece-sem-participacao-dos-fieis\/","title":{"rendered":"Em 180 anos, pela 1\u00aa vez a festa do Pai Eterno acontece sem participa\u00e7\u00e3o dos fi\u00e9is"},"content":{"rendered":"<p>Pela primeira vez, em 180 anos, a tradicional festa do Divino Pai Eterno, o segundo maior evento religioso do Brasil que atrai mais de 3 milh\u00f5es de romeiros durante os 10 dias de devo\u00e7\u00e3o, acontecer\u00e1 de forma virtual pelos meios de comunica\u00e7\u00e3o da Associa\u00e7\u00e3o Filhos do Pai Eterno, sem a participa\u00e7\u00e3o dos devotos e presen\u00e7a f\u00edsica dos fi\u00e9is. A Festa acontece no per\u00edodo de 26 de junho a 05 de julho. Neste ano celebra-se o Jubileu de 180 anos de origem desta devo\u00e7\u00e3o no cora\u00e7\u00e3o do Brasil.<\/p>\n<p>O an\u00fancio foi feito ainda em maio, no dia 15, ap\u00f3s reuni\u00e3o na sede da Associa\u00e7\u00e3o Filhos do Pai Eterno (Afipe), em Trindade. O encontro contou com as presen\u00e7as do reitor do Santu\u00e1rio Bas\u00edlica, padre Robson Oliveira, prefeito J\u00e2nio Darrot, secret\u00e1rio de Comunica\u00e7\u00e3o, Gustavo Queiroz, representantes da Igreja Cat\u00f3lica, do Governo de Goi\u00e1s e das for\u00e7as de Seguran\u00e7a P\u00fablica.<\/p>\n<div id=\"attachment_241785\" class=\"wp-caption alignleft\" style=\"width: 431px;\">\n<p><a href=\"https:\/\/www.cnbb.org.br\/wp-content\/uploads\/sites\/32\/2020\/07\/Padre-Robson.jpg\"><img loading=\"lazy\" decoding=\"async\" class=\"wp-image-241785 \" src=\"https:\/\/www.cnbb.org.br\/wp-content\/uploads\/sites\/32\/2020\/07\/Padre-Robson-300x200.jpg\" srcset=\"https:\/\/www.cnbb.org.br\/wp-content\/uploads\/sites\/32\/2020\/07\/Padre-Robson-300x200.jpg 300w, https:\/\/www.cnbb.org.br\/wp-content\/uploads\/sites\/32\/2020\/07\/Padre-Robson-1024x683.jpg 1024w, https:\/\/www.cnbb.org.br\/wp-content\/uploads\/sites\/32\/2020\/07\/Padre-Robson-768x512.jpg 768w, https:\/\/www.cnbb.org.br\/wp-content\/uploads\/sites\/32\/2020\/07\/Padre-Robson.jpg 1368w\" alt=\"\" width=\"431\" height=\"287\" aria-describedby=\"caption-attachment-241785\"><\/a><\/p>\n<p id=\"caption-attachment-241785\" class=\"wp-caption-text\">Reitor do Santu\u00e1rio Bas\u00edlica dedicado ao Pai Eterno, padre Robson Oliveira. Fotos: Afipe<\/p>\n<\/div>\n<p>O reitor do Santu\u00e1rio Bas\u00edlica, padre Robson Oliveira, falou ao portal da Confer\u00eancia Nacional dos Bispos do Brasil&nbsp; (CNBB) sobre qual o significado tem celebrar esta festa com o santu\u00e1rio vazio.<\/p>\n<p><em>\u201cA devo\u00e7\u00e3o ao Pai Eterno completa 180 anos desde a sua origem e, nunca na hist\u00f3ria, imaginamos que passar\u00edamos por uma situa\u00e7\u00e3o como esta, de ter que celebrar sem p\u00fablico, com a igreja de portas fechadas e vazia\u201d<\/em>, disse.<\/p>\n<p>O padre Robson disse que o cora\u00e7\u00e3o est\u00e1 bastante apertado porque a realidade no dia a dia do santu\u00e1rio e, especialmente, aos finais de semana, \u00e9 totalmente o contr\u00e1rio. \u201cO normal \u00e9 sempre ver o Santu\u00e1rio movimentado, repleto de romeiros, que nos trazem alegria e as mais diversas express\u00f5es de f\u00e9. Por\u00e9m, em tudo Deus tem um prop\u00f3sito. Por isso, penso que esta seja uma oportunidade de aprendermos a dar mais valor aos verdadeiros tesouros de nossa vida, que s\u00e3o a nossa fam\u00edlia, nossos amigos e, principalmente, a nossa unidade e comunh\u00e3o com Deus\u201d, avaliou.<\/p>\n<p>Para ele, muitas vezes, a correria n\u00e3o permite enxergar a import\u00e2ncia da fam\u00edlia, dos amigos e da comunh\u00e3o com Deus. \u201cSendo obrigados a dar uma pausa \u2013 claro que nem todos tem essa op\u00e7\u00e3o, como por exemplo as pessoas que trabalham nos servi\u00e7os essenciais \u2013 , temos a chance de olhar para n\u00f3s mesmos, de perceber as belezas e a grandeza de Deus em nossas vidas. Tenho muita f\u00e9 e esperan\u00e7a que, quando tudo isso passar, seremos pessoas melhores, que buscam mais a Deus e que sabem expressar mais o seu amor e a sua gratid\u00e3o a Deus e aos que fazem parte do nosso conv\u00edvio\u201d, apontou.<\/p>\n<p><strong>Elo com os devotos<\/strong><\/p>\n<p>O reitor do Santu\u00e1rio Bas\u00edlica informou que desde o dia 19 de mar\u00e7o, quando saiu o decreto do Estado de Goi\u00e1s e a orienta\u00e7\u00e3o da Arquidiocese de Goi\u00e2nia para a realiza\u00e7\u00e3o de missas&nbsp;<em>sine populo<\/em>&nbsp;(sem a presen\u00e7a dos fi\u00e9is), est\u00e1 sendo feito tudo para que os fi\u00e9is se sintam acolhidos e amparados pelo amor do Pai Eterno, em suas casas.<\/p>\n<p>Neste tempo de novo coronav\u00edrus, todas as celebra\u00e7\u00f5es s\u00e3o realizadas com transmiss\u00e3o pela TV Pai Eterno e tamb\u00e9m pela internet, por meio de aplicativo, portal e nas redes sociais. Al\u00e9m disso, a TV Pai Eterno, que trabalha 24h por dia, em comunh\u00e3o com o Santu\u00e1rio Bas\u00edlica, tem transmitido tamb\u00e9m um momento de Adora\u00e7\u00e3o ao Sant\u00edssimo Sacramento, de segunda a sexta, direto do Santu\u00e1rio.<\/p>\n<p>O padre Robson destaca que, na TV Pai Eterno, a programa\u00e7\u00e3o \u00e9 toda pensada para fomentar a espiritualidade e a f\u00e9 dos telespectadores que, mesmo em suas casas,\u201dpodem sentir a presen\u00e7a de Deus, nosso Pai, e tamb\u00e9m de Maria Sant\u00edssima, nossa M\u00e3e t\u00e3o querida que olha e intercede por n\u00f3s a todo momento\u201d.<\/p>\n<p><strong><a href=\"https:\/\/www.cnbb.org.br\/wp-content\/uploads\/sites\/32\/2020\/07\/Irm%C3%A3o-no-Pai-Eterno.jpg\"><img loading=\"lazy\" decoding=\"async\" class=\"alignnone size-full wp-image-241788\" src=\"https:\/\/www.cnbb.org.br\/wp-content\/uploads\/sites\/32\/2020\/07\/Irm%C3%A3o-no-Pai-Eterno.jpg\" srcset=\"https:\/\/www.cnbb.org.br\/wp-content\/uploads\/sites\/32\/2020\/07\/Irm\u00e3o-no-Pai-Eterno.jpg 1368w, https:\/\/www.cnbb.org.br\/wp-content\/uploads\/sites\/32\/2020\/07\/Irm\u00e3o-no-Pai-Eterno-300x200.jpg 300w, https:\/\/www.cnbb.org.br\/wp-content\/uploads\/sites\/32\/2020\/07\/Irm\u00e3o-no-Pai-Eterno-1024x683.jpg 1024w, https:\/\/www.cnbb.org.br\/wp-content\/uploads\/sites\/32\/2020\/07\/Irm\u00e3o-no-Pai-Eterno-768x512.jpg 768w\" alt=\"\" width=\"1368\" height=\"912\"><\/a>Programa\u00e7\u00e3o:<\/strong><br \/>\nEm dias normais s\u00e3o duas missas di\u00e1rias, uma \u00e0s 7h e outra \u00e0s 19h. No domingo, est\u00e1 programado a Ora\u00e7\u00e3o do Ter\u00e7o, \u00e0s 8h, e missas \u00e0s 9h e 17h30.<\/p>\n<p>Com informa\u00e7\u00f5es e fotos: CNBB<\/p>\n","protected":false},"excerpt":{"rendered":"<p>Pela primeira vez, em 180 anos, a tradicional festa do Divino Pai Eterno, o segundo maior evento religioso do Brasil que atrai mais de 3 milh\u00f5es de romeiros durante os 10 dias de devo\u00e7\u00e3o, acontecer\u00e1 de forma virtual pelos meios de comunica\u00e7\u00e3o da Associa\u00e7\u00e3o Filhos do Pai Eterno, sem a participa\u00e7\u00e3o dos devotos e presen\u00e7a&nbsp;<\/p>\n<p><a class=\"btn btn-style\" href=\"http:\/\/portalcatolico.net\/portal\/em-180-anos-pela-1a-vez-a-festa-do-pai-eterno-acontece-sem-participacao-dos-fieis\/\">Continue Reading<\/a><\/p>\n","protected":false},"author":2,"featured_media":69633,"comment_status":"open","ping_status":"open","sticky":false,"template":"","format":"standard","meta":{"footnotes":""},"categories":[3],"tags":[],"class_list":["post-69632","post","type-post","status-publish","format-standard","has-post-thumbnail","hentry","category-noticias_regionais"],"_links":{"self":[{"href":"http:\/\/portalcatolico.net\/portal\/wp-json\/wp\/v2\/posts\/69632","targetHints":{"allow":["GET"]}}],"collection":[{"href":"http:\/\/portalcatolico.net\/portal\/wp-json\/wp\/v2\/posts"}],"about":[{"href":"http:\/\/portalcatolico.net\/portal\/wp-json\/wp\/v2\/types\/post"}],"author":[{"embeddable":true,"href":"http:\/\/portalcatolico.net\/portal\/wp-json\/wp\/v2\/users\/2"}],"replies":[{"embeddable":true,"href":"http:\/\/portalcatolico.net\/portal\/wp-json\/wp\/v2\/comments?post=69632"}],"version-history":[{"count":2,"href":"http:\/\/portalcatolico.net\/portal\/wp-json\/wp\/v2\/posts\/69632\/revisions"}],"predecessor-version":[{"id":69635,"href":"http:\/\/portalcatolico.net\/portal\/wp-json\/wp\/v2\/posts\/69632\/revisions\/69635"}],"wp:featuredmedia":[{"embeddable":true,"href":"http:\/\/portalcatolico.net\/portal\/wp-json\/wp\/v2\/media\/69633"}],"wp:attachment":[{"href":"http:\/\/portalcatolico.net\/portal\/wp-json\/wp\/v2\/media?parent=69632"}],"wp:term":[{"taxonomy":"category","embeddable":true,"href":"http:\/\/portalcatolico.net\/portal\/wp-json\/wp\/v2\/categories?post=69632"},{"taxonomy":"post_tag","embeddable":true,"href":"http:\/\/portalcatolico.net\/portal\/wp-json\/wp\/v2\/tags?post=69632"}],"curies":[{"name":"wp","href":"https:\/\/api.w.org\/{rel}","templated":true}]}}