{"id":69629,"date":"2020-07-01T12:05:27","date_gmt":"2020-07-01T15:05:27","guid":{"rendered":"http:\/\/portalcatolico.net\/portal\/?p=69629"},"modified":"2020-07-01T22:05:40","modified_gmt":"2020-07-02T01:05:40","slug":"papa-francisco-nomeia-dom-severino-clasen-para-a-arquidiocese-vacante-de-maringa-pr","status":"publish","type":"post","link":"http:\/\/portalcatolico.net\/portal\/papa-francisco-nomeia-dom-severino-clasen-para-a-arquidiocese-vacante-de-maringa-pr\/","title":{"rendered":"Papa Francisco nomeia dom Severino Clasen para a arquidiocese vacante de Maring\u00e1 (PR)"},"content":{"rendered":"<p>O Papa Francisco nomeou nesta quarta-feira, 1\u00ba de julho, dom Severino Clasen como arcebispo da arquidiocese de Maring\u00e1 (PR). A circunscri\u00e7\u00e3o eclesi\u00e1stica estava vacante desde o dia 20 novembro de 2019, quando o pedido de ren\u00fancia por motivo de sa\u00fade de dom Anuar Battisti foi aceito pelo Santo Padre. Desde 4 de setembro de 2011, dom Severino \u00e9 bispo titular da diocese de Ca\u00e7ador (SC). A arquidiocese de Maring\u00e1 estava sob os cuidados de dom Jo\u00e3o Mamede Filho, bispo de Umuarama (PR).<\/p>\n<p><strong>Trajet\u00f3ria do novo arcebispo de Maring\u00e1<\/strong><\/p>\n<p>Dom Severino Clasen tem tr\u00eas irm\u00e3os e quatro irm\u00e3s, sendo duas delas religiosas da Congrega\u00e7\u00e3o Franciscanas de S\u00e3o Jos\u00e9. Ingressou no semin\u00e1rio menor em 1968, em Ituporanga (SC).<\/p>\n<p>Severino Clasen tornou-se franciscano ao ingressar na prov\u00edncia da Imaculada em janeiro de 1976. Em seguida, fez os estudos de Filosofia e Teologia no Instituto Teol\u00f3gico de Petr\u00f3polis e foi ordenado sacerdote em 10 de julho de 1982. Neste mesmo m\u00eas, passou a ser vig\u00e1rio paroquial de Conc\u00f3rdia, em Santa Catarina, e em 1988 foi transferido para Porto Uni\u00e3o. No ano seguinte, tornou-se o respons\u00e1vel pela pastoral vocacional da prov\u00edncia da Imaculada.<\/p>\n<p>Foi reitor e p\u00e1roco do Santu\u00e1rio S\u00e3o Francisco, no Largo S\u00e3o Francisco de S\u00e3o Paulo, e foi nomeado bispo para a diocese de Ara\u00e7ua\u00ed (MG), no Vale do Jequitinhonha, em 11 de maio de 2005.<\/p>\n<p>Foi ordenado bispo por dom Lorenzo Baldisseri, ent\u00e3o n\u00fancio apost\u00f3lico no Brasil, no dia 25 de junho de 2005, na cidade de Ituporanga. A posse episcopal ocorreu no dia 10 de julho de 2005, em Ara\u00e7ua\u00ed. Seu lema episcopal \u00e9 \u201cAcolher e cuidar\u201d. No dia 11 de maio de 2011, foi eleito presidente da Comiss\u00e3o Episcopal Pastoral para o Laicato da Confer\u00eancia Nacional dos Bispos do Brasil (CNBB), tendo sido reeleito para um mandato que&nbsp; exerceu at\u00e9 2019.<\/p>\n<p>No dia 6 de julho de 2011, o Papa Bento XVI o nomeou para a diocese de Ca\u00e7ador (SC), transferindo-o da diocese de Ara\u00e7ua\u00ed. Dom Severino foi empossado no dia 4 de setembro de 2011. Atualmente \u00e9 presidente do Regional Sul 4 da CNBB, eleito na \u00faltima 57\u00aa Assembleia da CNBB.<\/p>\n<p>Fonte:CNBB<\/p>\n","protected":false},"excerpt":{"rendered":"<p>O Papa Francisco nomeou nesta quarta-feira, 1\u00ba de julho, dom Severino Clasen como arcebispo da arquidiocese de Maring\u00e1 (PR). A circunscri\u00e7\u00e3o eclesi\u00e1stica estava vacante desde o dia 20 novembro de 2019, quando o pedido de ren\u00fancia por motivo de sa\u00fade de dom Anuar Battisti foi aceito pelo Santo Padre. Desde 4 de setembro de 2011,&nbsp;<\/p>\n<p><a class=\"btn btn-style\" href=\"http:\/\/portalcatolico.net\/portal\/papa-francisco-nomeia-dom-severino-clasen-para-a-arquidiocese-vacante-de-maringa-pr\/\">Continue Reading<\/a><\/p>\n","protected":false},"author":2,"featured_media":69630,"comment_status":"open","ping_status":"open","sticky":false,"template":"","format":"standard","meta":{"footnotes":""},"categories":[3],"tags":[],"class_list":["post-69629","post","type-post","status-publish","format-standard","has-post-thumbnail","hentry","category-noticias_regionais"],"_links":{"self":[{"href":"http:\/\/portalcatolico.net\/portal\/wp-json\/wp\/v2\/posts\/69629","targetHints":{"allow":["GET"]}}],"collection":[{"href":"http:\/\/portalcatolico.net\/portal\/wp-json\/wp\/v2\/posts"}],"about":[{"href":"http:\/\/portalcatolico.net\/portal\/wp-json\/wp\/v2\/types\/post"}],"author":[{"embeddable":true,"href":"http:\/\/portalcatolico.net\/portal\/wp-json\/wp\/v2\/users\/2"}],"replies":[{"embeddable":true,"href":"http:\/\/portalcatolico.net\/portal\/wp-json\/wp\/v2\/comments?post=69629"}],"version-history":[{"count":1,"href":"http:\/\/portalcatolico.net\/portal\/wp-json\/wp\/v2\/posts\/69629\/revisions"}],"predecessor-version":[{"id":69631,"href":"http:\/\/portalcatolico.net\/portal\/wp-json\/wp\/v2\/posts\/69629\/revisions\/69631"}],"wp:featuredmedia":[{"embeddable":true,"href":"http:\/\/portalcatolico.net\/portal\/wp-json\/wp\/v2\/media\/69630"}],"wp:attachment":[{"href":"http:\/\/portalcatolico.net\/portal\/wp-json\/wp\/v2\/media?parent=69629"}],"wp:term":[{"taxonomy":"category","embeddable":true,"href":"http:\/\/portalcatolico.net\/portal\/wp-json\/wp\/v2\/categories?post=69629"},{"taxonomy":"post_tag","embeddable":true,"href":"http:\/\/portalcatolico.net\/portal\/wp-json\/wp\/v2\/tags?post=69629"}],"curies":[{"name":"wp","href":"https:\/\/api.w.org\/{rel}","templated":true}]}}