{"id":69626,"date":"2020-07-01T22:01:47","date_gmt":"2020-07-02T01:01:47","guid":{"rendered":"http:\/\/portalcatolico.net\/portal\/?p=69626"},"modified":"2020-07-01T22:01:47","modified_gmt":"2020-07-02T01:01:47","slug":"participe-do-novenario-em-honra-a-santa-maria-goretti","status":"publish","type":"post","link":"http:\/\/portalcatolico.net\/portal\/participe-do-novenario-em-honra-a-santa-maria-goretti\/","title":{"rendered":"Participe do Noven\u00e1rio em honra \u00e0 Santa Maria Goretti"},"content":{"rendered":"<div dir=\"auto\">No dia 3 de julho come\u00e7a o Noven\u00e1rio&nbsp;em honra \u00e0 Santa Maria Goretti, na Par\u00f3quia Santa Maria Goretti, em Itabuna (BA).<\/div>\n<div dir=\"auto\">O tema abordado ser\u00e1: &#8220;Vem e segue-me. Vocacionados como Santa Maria Goretti, em servi\u00e7o e miss\u00e3o, vivendo os 300 anos dos passionistas&#8221;.<\/div>\n<div dir=\"auto\">A santa missa ser\u00e1 transmitida \u00e0s 18h, pelas redes sociais da par\u00f3quia, at\u00e9 o dia 12 de julho.<\/div>\n<div dir=\"auto\">A&nbsp;Par\u00f3quia Santa Maria Goretti fica na Rua Rui Barbosa, no bairro Mangabinha. Para maiores informa\u00e7\u00f5es, entre em contato pelo telefone: (73) 3212- 1753.<\/div>\n","protected":false},"excerpt":{"rendered":"<p>No dia 3 de julho come\u00e7a o Noven\u00e1rio&nbsp;em honra \u00e0 Santa Maria Goretti, na Par\u00f3quia Santa Maria Goretti, em Itabuna (BA). O tema abordado ser\u00e1: &#8220;Vem e segue-me. Vocacionados como Santa Maria Goretti, em servi\u00e7o e miss\u00e3o, vivendo os 300 anos dos passionistas&#8221;. A santa missa ser\u00e1 transmitida \u00e0s 18h, pelas redes sociais da par\u00f3quia,&nbsp;<\/p>\n<p><a class=\"btn btn-style\" href=\"http:\/\/portalcatolico.net\/portal\/participe-do-novenario-em-honra-a-santa-maria-goretti\/\">Continue Reading<\/a><\/p>\n","protected":false},"author":2,"featured_media":69627,"comment_status":"open","ping_status":"open","sticky":false,"template":"","format":"standard","meta":{"footnotes":""},"categories":[4],"tags":[],"class_list":["post-69626","post","type-post","status-publish","format-standard","has-post-thumbnail","hentry","category-destaques"],"_links":{"self":[{"href":"http:\/\/portalcatolico.net\/portal\/wp-json\/wp\/v2\/posts\/69626","targetHints":{"allow":["GET"]}}],"collection":[{"href":"http:\/\/portalcatolico.net\/portal\/wp-json\/wp\/v2\/posts"}],"about":[{"href":"http:\/\/portalcatolico.net\/portal\/wp-json\/wp\/v2\/types\/post"}],"author":[{"embeddable":true,"href":"http:\/\/portalcatolico.net\/portal\/wp-json\/wp\/v2\/users\/2"}],"replies":[{"embeddable":true,"href":"http:\/\/portalcatolico.net\/portal\/wp-json\/wp\/v2\/comments?post=69626"}],"version-history":[{"count":1,"href":"http:\/\/portalcatolico.net\/portal\/wp-json\/wp\/v2\/posts\/69626\/revisions"}],"predecessor-version":[{"id":69628,"href":"http:\/\/portalcatolico.net\/portal\/wp-json\/wp\/v2\/posts\/69626\/revisions\/69628"}],"wp:featuredmedia":[{"embeddable":true,"href":"http:\/\/portalcatolico.net\/portal\/wp-json\/wp\/v2\/media\/69627"}],"wp:attachment":[{"href":"http:\/\/portalcatolico.net\/portal\/wp-json\/wp\/v2\/media?parent=69626"}],"wp:term":[{"taxonomy":"category","embeddable":true,"href":"http:\/\/portalcatolico.net\/portal\/wp-json\/wp\/v2\/categories?post=69626"},{"taxonomy":"post_tag","embeddable":true,"href":"http:\/\/portalcatolico.net\/portal\/wp-json\/wp\/v2\/tags?post=69626"}],"curies":[{"name":"wp","href":"https:\/\/api.w.org\/{rel}","templated":true}]}}