{"id":69622,"date":"2020-06-30T20:03:39","date_gmt":"2020-06-30T23:03:39","guid":{"rendered":"http:\/\/portalcatolico.net\/portal\/?p=69622"},"modified":"2020-06-30T20:04:24","modified_gmt":"2020-06-30T23:04:24","slug":"dom-carlos-divulga-decreto-de-recomendacao-na-diocese-de-itabuna","status":"publish","type":"post","link":"http:\/\/portalcatolico.net\/portal\/dom-carlos-divulga-decreto-de-recomendacao-na-diocese-de-itabuna\/","title":{"rendered":"Dom Carlos divulga Decreto de Recomenda\u00e7\u00e3o na Diocese de Itabuna"},"content":{"rendered":"<p>Confira o Decreto de Recomenda\u00e7\u00e3o publicado pelo excelent\u00edssimo reverend\u00edssimo Dom Carlos Alberto, Bispo da Diocese de Itabuna.<br \/>\nO decreto entra em vigor no dia 30 de junho. Confira na \u00edntegra!<\/p>\n<p><img loading=\"lazy\" decoding=\"async\" class=\"alignnone wp-image-69623\" src=\"http:\/\/portalcatolico.net\/portal\/wp-content\/uploads\/2020\/06\/Captura-de-Tela-2020-06-30-a\u0300s-10.24.48-212x300.png\" alt=\"\" width=\"825\" height=\"1167\"><\/p>\n<p><img loading=\"lazy\" decoding=\"async\" class=\"alignnone wp-image-69624\" src=\"http:\/\/portalcatolico.net\/portal\/wp-content\/uploads\/2020\/06\/Captura-de-Tela-2020-06-30-a\u0300s-10.25.07-210x300.png\" alt=\"\" width=\"826\" height=\"1180\" srcset=\"http:\/\/portalcatolico.net\/portal\/wp-content\/uploads\/2020\/06\/Captura-de-Tela-2020-06-30-a\u0300s-10.25.07-210x300.png 210w, http:\/\/portalcatolico.net\/portal\/wp-content\/uploads\/2020\/06\/Captura-de-Tela-2020-06-30-a\u0300s-10.25.07.png 657w\" sizes=\"auto, (max-width: 826px) 100vw, 826px\" \/><\/p>\n","protected":false},"excerpt":{"rendered":"<p>Confira o Decreto de Recomenda\u00e7\u00e3o publicado pelo excelent\u00edssimo reverend\u00edssimo Dom Carlos Alberto, Bispo da Diocese de Itabuna. O decreto entra em vigor no dia 30 de junho. Confira na \u00edntegra!<\/p>\n","protected":false},"author":2,"featured_media":69129,"comment_status":"open","ping_status":"open","sticky":false,"template":"","format":"standard","meta":{"footnotes":""},"categories":[4],"tags":[],"class_list":["post-69622","post","type-post","status-publish","format-standard","has-post-thumbnail","hentry","category-destaques"],"_links":{"self":[{"href":"http:\/\/portalcatolico.net\/portal\/wp-json\/wp\/v2\/posts\/69622","targetHints":{"allow":["GET"]}}],"collection":[{"href":"http:\/\/portalcatolico.net\/portal\/wp-json\/wp\/v2\/posts"}],"about":[{"href":"http:\/\/portalcatolico.net\/portal\/wp-json\/wp\/v2\/types\/post"}],"author":[{"embeddable":true,"href":"http:\/\/portalcatolico.net\/portal\/wp-json\/wp\/v2\/users\/2"}],"replies":[{"embeddable":true,"href":"http:\/\/portalcatolico.net\/portal\/wp-json\/wp\/v2\/comments?post=69622"}],"version-history":[{"count":1,"href":"http:\/\/portalcatolico.net\/portal\/wp-json\/wp\/v2\/posts\/69622\/revisions"}],"predecessor-version":[{"id":69625,"href":"http:\/\/portalcatolico.net\/portal\/wp-json\/wp\/v2\/posts\/69622\/revisions\/69625"}],"wp:featuredmedia":[{"embeddable":true,"href":"http:\/\/portalcatolico.net\/portal\/wp-json\/wp\/v2\/media\/69129"}],"wp:attachment":[{"href":"http:\/\/portalcatolico.net\/portal\/wp-json\/wp\/v2\/media?parent=69622"}],"wp:term":[{"taxonomy":"category","embeddable":true,"href":"http:\/\/portalcatolico.net\/portal\/wp-json\/wp\/v2\/categories?post=69622"},{"taxonomy":"post_tag","embeddable":true,"href":"http:\/\/portalcatolico.net\/portal\/wp-json\/wp\/v2\/tags?post=69622"}],"curies":[{"name":"wp","href":"https:\/\/api.w.org\/{rel}","templated":true}]}}