{"id":69619,"date":"2020-06-30T19:57:26","date_gmt":"2020-06-30T22:57:26","guid":{"rendered":"http:\/\/portalcatolico.net\/portal\/?p=69619"},"modified":"2020-06-30T19:57:51","modified_gmt":"2020-06-30T22:57:51","slug":"participe-do-grupo-de-oracao-online-paroquial","status":"publish","type":"post","link":"http:\/\/portalcatolico.net\/portal\/participe-do-grupo-de-oracao-online-paroquial\/","title":{"rendered":"Participe do Grupo de Ora\u00e7\u00e3o Online Paroquial!"},"content":{"rendered":"<p>A RCC da par\u00f3quia Santa Rita de C\u00e1ssia da cidade e diocese de Itabuna,no sul da Bahia, promove nesta quarta-feira, \u00e0s 18h, uma Santa Missa, e \u00e0s 19h, o Grupo de Ora\u00e7\u00e3o Santa Rita de C\u00e1ssia far\u00e1 uma ora\u00e7\u00e3o que voc\u00ea vai poder acompanhar on-line, de sua casa, pois a Igreja ainda est\u00e1 seguindo as recomenda\u00e7\u00f5es do distanciamento social por conta da pandemia do Coronav\u00edrus.&nbsp;<br \/>\nEssa reuni\u00e3o do Grupo da RCC da Par\u00f3quia de Santa Rita vai acontecer toda semana! Essa \u00e9 uma alternativa para promover a espiritualidade carism\u00e1tica, diante da suspens\u00e3o das atividades na par\u00f3quia, consequ\u00eancia das circunst\u00e2ncias da pandemia.<br \/>\nO Grupo de Ora\u00e7\u00e3o on-line \u00e9 realizado toda quarta-feira, \u00e0s 19 horas, pelo Youtube da par\u00f3quia e pelo Portal Cat\u00f3lico Web R\u00e1dio. Para acompanhar aqui, pelo Portal Cat\u00f3lico Web R\u00e1dio, baixe o aplicativo no Play Store, no seu celular. Al\u00e9m da santa missa e grupo de Ora\u00e7\u00e3o, voc\u00ea&nbsp; tamb\u00e9m ouve as melhores m\u00fasicas cat\u00f3licas. Segue o link para&nbsp; baixar o aplicativo:<br \/>\n<a href=\"https:\/\/play.google.com\/store\/apps\/details?id=com.dt.portalcatolico&amp;hl=pt_BR\" target=\"_blank\" rel=\"noopener noreferrer\">https:\/\/play.google.com\/store\/apps\/details?id=com.dt.portalcatolico&amp;hl=pt_<\/a><br \/>\nAcompanhe tamb\u00e9m:&nbsp;<a href=\"https:\/\/dtapp.com.br\/portalcatolico\/webapp\/\" target=\"_blank\" rel=\"noopener noreferrer\">https:\/\/dtapp.com.br\/portalcatolico\/webapp\/<\/a><br \/>\nVale ressaltar que as atividades presenciais da RCC e de outros grupos e pastorais est\u00e3o suspensas na diocese desde o m\u00eas de mar\u00e7o, conforme decreto da diocese de Itabuna.<\/p>\n","protected":false},"excerpt":{"rendered":"<p>A RCC da par\u00f3quia Santa Rita de C\u00e1ssia da cidade e diocese de Itabuna,no sul da Bahia, promove nesta quarta-feira, \u00e0s 18h, uma Santa Missa, e \u00e0s 19h, o Grupo de Ora\u00e7\u00e3o Santa Rita de C\u00e1ssia far\u00e1 uma ora\u00e7\u00e3o que voc\u00ea vai poder acompanhar on-line, de sua casa, pois a Igreja ainda est\u00e1 seguindo as&nbsp;<\/p>\n<p><a class=\"btn btn-style\" href=\"http:\/\/portalcatolico.net\/portal\/participe-do-grupo-de-oracao-online-paroquial\/\">Continue Reading<\/a><\/p>\n","protected":false},"author":2,"featured_media":69620,"comment_status":"open","ping_status":"open","sticky":false,"template":"","format":"standard","meta":{"footnotes":""},"categories":[4],"tags":[],"class_list":["post-69619","post","type-post","status-publish","format-standard","has-post-thumbnail","hentry","category-destaques"],"_links":{"self":[{"href":"http:\/\/portalcatolico.net\/portal\/wp-json\/wp\/v2\/posts\/69619","targetHints":{"allow":["GET"]}}],"collection":[{"href":"http:\/\/portalcatolico.net\/portal\/wp-json\/wp\/v2\/posts"}],"about":[{"href":"http:\/\/portalcatolico.net\/portal\/wp-json\/wp\/v2\/types\/post"}],"author":[{"embeddable":true,"href":"http:\/\/portalcatolico.net\/portal\/wp-json\/wp\/v2\/users\/2"}],"replies":[{"embeddable":true,"href":"http:\/\/portalcatolico.net\/portal\/wp-json\/wp\/v2\/comments?post=69619"}],"version-history":[{"count":1,"href":"http:\/\/portalcatolico.net\/portal\/wp-json\/wp\/v2\/posts\/69619\/revisions"}],"predecessor-version":[{"id":69621,"href":"http:\/\/portalcatolico.net\/portal\/wp-json\/wp\/v2\/posts\/69619\/revisions\/69621"}],"wp:featuredmedia":[{"embeddable":true,"href":"http:\/\/portalcatolico.net\/portal\/wp-json\/wp\/v2\/media\/69620"}],"wp:attachment":[{"href":"http:\/\/portalcatolico.net\/portal\/wp-json\/wp\/v2\/media?parent=69619"}],"wp:term":[{"taxonomy":"category","embeddable":true,"href":"http:\/\/portalcatolico.net\/portal\/wp-json\/wp\/v2\/categories?post=69619"},{"taxonomy":"post_tag","embeddable":true,"href":"http:\/\/portalcatolico.net\/portal\/wp-json\/wp\/v2\/tags?post=69619"}],"curies":[{"name":"wp","href":"https:\/\/api.w.org\/{rel}","templated":true}]}}