{"id":69616,"date":"2020-06-30T19:52:38","date_gmt":"2020-06-30T22:52:38","guid":{"rendered":"http:\/\/portalcatolico.net\/portal\/?p=69616"},"modified":"2020-06-30T19:52:38","modified_gmt":"2020-06-30T22:52:38","slug":"sacerdocio-uma-vocacao-que-e-muito-mais-do-que-mera-escolha-profissional","status":"publish","type":"post","link":"http:\/\/portalcatolico.net\/portal\/sacerdocio-uma-vocacao-que-e-muito-mais-do-que-mera-escolha-profissional\/","title":{"rendered":"Sacerd\u00f3cio, \u201cuma voca\u00e7\u00e3o que \u00e9 muito mais do que mera escolha profissional\u201d"},"content":{"rendered":"<div class=\"article__subTitle\">Cardeal-patriarca de Lisboa presidiu \u00e0 ordena\u00e7\u00e3o de cinco novos sacerdotes no Mosteiro dos Jer\u00f3nimos, na capital portuguesa.<\/div>\n<div>\u201cCaros ordinandos: \u00c9 desta tradi\u00e7\u00e3o viva que sereis especiais transmissores, guardando o dep\u00f3sito que vos \u00e9 confiado, como Paulo exortou o seu disc\u00edpulo Tim\u00f3teo (cf. 1 Tm 6, 20). Para que na vossa pr\u00f3pria conduta e prega\u00e7\u00e3o, na resposta que dareis a tanto brado, ressalte sempre e em tudo o nome de Jesus, a verdade do Evangelho e o fulgor da caridade mais atenta\u201d.<\/div>\n<div>&nbsp;<\/div>\n<div class=\"title__separator\">\n<p>Palavras de est\u00edmulo e compromisso lan\u00e7adas domingo, 28 de junho, no Mosteiro dos Jer\u00f3nimos, em Lisboa, por D. Manuel Clemente na homilia da missa de ordena\u00e7\u00e3o de cinco novos sacerdotes, tr\u00eas do Semin\u00e1rio dos Olivais e dois do Semin\u00e1rio Redemptoris Mater.<\/p>\n<p>\u201cO que aqui nos traz \u00e9 Cristo, como resposta de Deus ao mundo. Resposta cabal ao que o mundo mais profundamente anseia e reden\u00e7\u00e3o absoluta de quanto o impede\u201d, sublinhou D. Manuel Clemente nesta celebra\u00e7\u00e3o, vig\u00edlia dos ap\u00f3stolos Pedro e Paulo.<\/p>\n<p>O Patriarca de Lisboa real\u00e7ou o sentido da \u201cop\u00e7\u00e3o preferencial pelos pobres ou o celibato por amor do Reino dos C\u00e9us\u201d que \u201c assinalam o que vai al\u00e9m \u201cda carne e do sangue\u201d e que exige \u201cconvers\u00e3o permanente\u201d, um \u201cgrande servi\u00e7o da Igreja ao mundo, para que este n\u00e3o se encerre em si mesmo\u201d e \u201cse converta na mat\u00e9ria do Reino e todo o bem se eternize, naquele amor que nunca acabar\u00e1\u201d.&nbsp; &nbsp;<\/p>\n<p>\u201cCom S\u00e3o Paulo, n\u00e3o vos ficareis pelo modo mundano de considerar as coisas. O horizonte que se abriu na estrada de Damasco, h\u00e1 de rasgar-se tamb\u00e9m nas que trilhareis agora\u201d, sublimou o prelado que entende que a voca\u00e7\u00e3o sacerdotal \u201c\u00e9 muito mais do que mera escolha profissional.\u201d<\/p>\n<p>Partindo das leituras desta solenidade lit\u00fargica, D. Manuel Clemente lembrou que \u201cn\u00e3o faltam tolhimentos hoje em dia, impedindo de andar perfeitamente. Limita\u00e7\u00f5es f\u00edsicas, nalguns casos, que pedem resposta cl\u00ednica competente. Mas outras se acrescentam, de ordem educativa e cultural, quando alguma ideologia ou preconceito contrariam a forma\u00e7\u00e3o e o crescimento num quadro geral de valores humanizantes\u201d.<\/p>\n<p>\u201cValores como os que incluem o respeito pela vida, concebida ou fragilizada que esteja, a complementaridade essencial homem \u2013 mulher, a igual dignidade de todos, ou a abertura \u00e0 religi\u00e3o transcendente. Omitir ou contrariar tais valores deforma e entorpece qualquer um e desde muito cedo infelizmente\u201d, alertou o Patriarca de Lisboa.<\/p>\n<\/div>\n<div class=\"article__text\">\n<p><b>Por:Domingos Pinto -Lisboa\/Vatican News<\/b><\/p>\n<\/div>\n","protected":false},"excerpt":{"rendered":"<p>Cardeal-patriarca de Lisboa presidiu \u00e0 ordena\u00e7\u00e3o de cinco novos sacerdotes no Mosteiro dos Jer\u00f3nimos, na capital portuguesa. \u201cCaros ordinandos: \u00c9 desta tradi\u00e7\u00e3o viva que sereis especiais transmissores, guardando o dep\u00f3sito que vos \u00e9 confiado, como Paulo exortou o seu disc\u00edpulo Tim\u00f3teo (cf. 1 Tm 6, 20). Para que na vossa pr\u00f3pria conduta e prega\u00e7\u00e3o, na&nbsp;<\/p>\n<p><a class=\"btn btn-style\" href=\"http:\/\/portalcatolico.net\/portal\/sacerdocio-uma-vocacao-que-e-muito-mais-do-que-mera-escolha-profissional\/\">Continue Reading<\/a><\/p>\n","protected":false},"author":2,"featured_media":69617,"comment_status":"open","ping_status":"open","sticky":false,"template":"","format":"standard","meta":{"footnotes":""},"categories":[5],"tags":[],"class_list":["post-69616","post","type-post","status-publish","format-standard","has-post-thumbnail","hentry","category-igreja_no_mundo"],"_links":{"self":[{"href":"http:\/\/portalcatolico.net\/portal\/wp-json\/wp\/v2\/posts\/69616","targetHints":{"allow":["GET"]}}],"collection":[{"href":"http:\/\/portalcatolico.net\/portal\/wp-json\/wp\/v2\/posts"}],"about":[{"href":"http:\/\/portalcatolico.net\/portal\/wp-json\/wp\/v2\/types\/post"}],"author":[{"embeddable":true,"href":"http:\/\/portalcatolico.net\/portal\/wp-json\/wp\/v2\/users\/2"}],"replies":[{"embeddable":true,"href":"http:\/\/portalcatolico.net\/portal\/wp-json\/wp\/v2\/comments?post=69616"}],"version-history":[{"count":1,"href":"http:\/\/portalcatolico.net\/portal\/wp-json\/wp\/v2\/posts\/69616\/revisions"}],"predecessor-version":[{"id":69618,"href":"http:\/\/portalcatolico.net\/portal\/wp-json\/wp\/v2\/posts\/69616\/revisions\/69618"}],"wp:featuredmedia":[{"embeddable":true,"href":"http:\/\/portalcatolico.net\/portal\/wp-json\/wp\/v2\/media\/69617"}],"wp:attachment":[{"href":"http:\/\/portalcatolico.net\/portal\/wp-json\/wp\/v2\/media?parent=69616"}],"wp:term":[{"taxonomy":"category","embeddable":true,"href":"http:\/\/portalcatolico.net\/portal\/wp-json\/wp\/v2\/categories?post=69616"},{"taxonomy":"post_tag","embeddable":true,"href":"http:\/\/portalcatolico.net\/portal\/wp-json\/wp\/v2\/tags?post=69616"}],"curies":[{"name":"wp","href":"https:\/\/api.w.org\/{rel}","templated":true}]}}