{"id":69464,"date":"2020-06-10T23:58:56","date_gmt":"2020-06-11T02:58:56","guid":{"rendered":"http:\/\/portalcatolico.net\/portal\/?p=69464"},"modified":"2020-06-12T08:00:26","modified_gmt":"2020-06-12T11:00:26","slug":"triduo-de-santo-antonio-comeca-hoje-em-itabuna-veja-a-programacao","status":"publish","type":"post","link":"http:\/\/portalcatolico.net\/portal\/triduo-de-santo-antonio-comeca-hoje-em-itabuna-veja-a-programacao\/","title":{"rendered":"Tr\u00edduo de Santo Ant\u00f4nio come\u00e7a hoje em Itabuna. Veja a programa\u00e7\u00e3o!"},"content":{"rendered":"<p>Os festejos de Santo Ant\u00f4nio esse ano, est\u00e3o um pouco diferentes por conta da pandemia. Hoje come\u00e7a a programa\u00e7\u00e3o do Tr\u00edduo em homenagem ao santo. O Tr\u00edduo vai acontecer na Igreja de S\u00e3o Judas, porque \u00e9 onde tem a melhor estrutura para transmiss\u00e3o das missas que come\u00e7am hoje, \u00e0s 18h. As outras par\u00f3quias que n\u00e3o t\u00eam Santo Ant\u00f4nio como titular, celebram por devo\u00e7\u00e3o. Mas aqui em Itabuna, apenas duas celebram o santo. O Santu\u00e1rio de Santo Ant\u00f4nio (que pertence \u00e0 Igreja de S\u00e3o Judas Tadeu e \u00e9 situada na Avenida Cinquenten\u00e1rio) e a Par\u00f3quia de Santo Ant\u00f4nio, situada no bairro Santo Ant\u00f4nio.<br \/>\nSegundo padre Ac\u00e1ssio, p\u00e1roco da&nbsp; Par\u00f3quia de S\u00e3o Judas Tadeu e Reitor do Santu\u00e1rio Santo Ant\u00f4nio, a&nbsp;programa\u00e7\u00e3o vai at\u00e9 s\u00e1bado, dia 13. No s\u00e1bado, a programa\u00e7\u00e3o vai ser intensa: vai acontecer, \u00e0s 9h, o drive thru dos p\u00e3es aben\u00e7oados de Santo Ant\u00f4nio, no Santu\u00e1rio. \u00c0s 15h, acontece a prociss\u00e3o carreata , com a imagem do padroeiro do Santu\u00e1rio. E \u00e0s 18h, tem missa presidida pelo Bispo Dom Carlos Alberto. Participe!<\/p>\n","protected":false},"excerpt":{"rendered":"<p>Os festejos de Santo Ant\u00f4nio esse ano, est\u00e3o um pouco diferentes por conta da pandemia. Hoje come\u00e7a a programa\u00e7\u00e3o do Tr\u00edduo em homenagem ao santo. O Tr\u00edduo vai acontecer na Igreja de S\u00e3o Judas, porque \u00e9 onde tem a melhor estrutura para transmiss\u00e3o das missas que come\u00e7am hoje, \u00e0s 18h. As outras par\u00f3quias que n\u00e3o&nbsp;<\/p>\n<p><a class=\"btn btn-style\" href=\"http:\/\/portalcatolico.net\/portal\/triduo-de-santo-antonio-comeca-hoje-em-itabuna-veja-a-programacao\/\">Continue Reading<\/a><\/p>\n","protected":false},"author":2,"featured_media":29733,"comment_status":"open","ping_status":"open","sticky":false,"template":"","format":"standard","meta":{"footnotes":""},"categories":[4],"tags":[],"class_list":["post-69464","post","type-post","status-publish","format-standard","has-post-thumbnail","hentry","category-destaques"],"_links":{"self":[{"href":"http:\/\/portalcatolico.net\/portal\/wp-json\/wp\/v2\/posts\/69464","targetHints":{"allow":["GET"]}}],"collection":[{"href":"http:\/\/portalcatolico.net\/portal\/wp-json\/wp\/v2\/posts"}],"about":[{"href":"http:\/\/portalcatolico.net\/portal\/wp-json\/wp\/v2\/types\/post"}],"author":[{"embeddable":true,"href":"http:\/\/portalcatolico.net\/portal\/wp-json\/wp\/v2\/users\/2"}],"replies":[{"embeddable":true,"href":"http:\/\/portalcatolico.net\/portal\/wp-json\/wp\/v2\/comments?post=69464"}],"version-history":[{"count":1,"href":"http:\/\/portalcatolico.net\/portal\/wp-json\/wp\/v2\/posts\/69464\/revisions"}],"predecessor-version":[{"id":69465,"href":"http:\/\/portalcatolico.net\/portal\/wp-json\/wp\/v2\/posts\/69464\/revisions\/69465"}],"wp:featuredmedia":[{"embeddable":true,"href":"http:\/\/portalcatolico.net\/portal\/wp-json\/wp\/v2\/media\/29733"}],"wp:attachment":[{"href":"http:\/\/portalcatolico.net\/portal\/wp-json\/wp\/v2\/media?parent=69464"}],"wp:term":[{"taxonomy":"category","embeddable":true,"href":"http:\/\/portalcatolico.net\/portal\/wp-json\/wp\/v2\/categories?post=69464"},{"taxonomy":"post_tag","embeddable":true,"href":"http:\/\/portalcatolico.net\/portal\/wp-json\/wp\/v2\/tags?post=69464"}],"curies":[{"name":"wp","href":"https:\/\/api.w.org\/{rel}","templated":true}]}}