{"id":69461,"date":"2020-06-10T15:47:21","date_gmt":"2020-06-10T18:47:21","guid":{"rendered":"http:\/\/portalcatolico.net\/portal\/?p=69461"},"modified":"2020-06-11T15:48:37","modified_gmt":"2020-06-11T18:48:37","slug":"celebrar-corpus-christi-em-casa-um-roteiro-da-cnbb-ajuda-a-rezar-em-familia","status":"publish","type":"post","link":"http:\/\/portalcatolico.net\/portal\/celebrar-corpus-christi-em-casa-um-roteiro-da-cnbb-ajuda-a-rezar-em-familia\/","title":{"rendered":"Celebrar Corpus Christi em casa: um roteiro da CNBB ajuda a rezar em fam\u00edlia"},"content":{"rendered":"<div class=\"article__subTitle\">Com as v\u00e1rias realidades e restri\u00e7\u00f5es da pandemia no Brasil, inclusive com as prociss\u00f5es suspensas, a Solenidade de Corpus Christi no pa\u00eds n\u00e3o precisa perder a for\u00e7a do seu significado de celebrar a festa da Eucaristia. Para isso, a Comiss\u00e3o Episcopal Pastoral para a Liturgia da CNBB est\u00e1 disponibilizando um roteiro com orienta\u00e7\u00f5es para rezar com a fam\u00edlia em casa.<\/div>\n<div>\n<div>\n<div class=\"article__embed article__embed--border embed_style\">\n<blockquote><p>\u201cComo n\u00e3o podemos ainda ir \u00e0 igreja fisicamente neste ano, devido \u00e0 pandemia, ou que s\u00e3o do grupo de risco ou porque a igreja estar\u00e1 fechada, coloque na porta de sua casa ou na janela um sinal de que voc\u00ea \u00e9 cat\u00f3lico. Muitos padres passar\u00e3o de carro com o Sant\u00edssimo, aben\u00e7oando os bairros em torno de sua par\u00f3quia para que Jesus possa passar \u00e0 frente e nos livrarmos dessa pandemia.\u201d<\/p><\/blockquote>\n<\/div>\n<\/div>\n<p>Esse convite \u00e0 manifesta\u00e7\u00e3o p\u00fablica da f\u00e9 diante de casa com flores, velas ou algum s\u00edmbolo eucar\u00edstico parte do arcebispo do Rio de Janeiro, cardeal Orani Jo\u00e3o Tempesta, visto as muitas realidades vividas no Brasil por causa da emerg\u00eancia da Covid-19. A CNBB, por sua vez, lembrando que \u201ccelebrar a festa do Corpo do Senhor \u00e9 celebrar a festa da partilha\u201d nesta quinta-feira (11) na Solenidade de Corpus Christi, convida a um gesto solid\u00e1rio doando alimentos quando o carro-andor com o Sant\u00edssimo Sacramento estiver passando pelas ruas. Os produtos arrecadados pelas par\u00f3quias ser\u00e3o destinados aos pobres.<\/p>\n<p><strong>Roteiro para celebra\u00e7\u00e3o de Corpus Christi<\/strong><\/p>\n<p>Outra indica\u00e7\u00e3o, al\u00e9m de acompanhar as transmiss\u00f5es ao vivo feitas em diferentes plataformas cat\u00f3licas, \u00e9 celebrar Corpus Christi em casa. Basta se munir do roteiro da cerim\u00f4nia disponibilizado pela Comiss\u00e3o Episcopal Pastoral para a Liturgia da CNBB.<\/p>\n<p>No roteiro, as orienta\u00e7\u00f5es iniciais aconselham escolher um local adequado em casa para celebrar e rezar em fam\u00edlia. Al\u00e9m disso, preparar a B\u00edblia com o texto a ser proclamado, um vaso com flores, um crucifixo, uma imagem ou \u00edcone de Nossa Senhora e uma vela a ser acesa no momento da cerim\u00f4nia.<\/p>\n<p>Os interessados pelo roteiro fixo podem acessar o&nbsp;<a href=\"https:\/\/www.cnbb.org.br\/celebrar-a-festa-do-corpo-do-senhor-e-celebrar-a-festa-da-partilha-baixe-o-roteiro-de-corpus-christi\/\" target=\"_blank\" rel=\"external nofollow noopener\">site da CNBB<\/a>&nbsp;e fazer o&nbsp;<a href=\"https:\/\/www.cnbb.org.br\/wp-content\/uploads\/sites\/32\/2020\/06\/Celebrar-em-Fam%C3%ADlia-Corpo-e-Sangue-de-Cristo.pdf\" target=\"_blank\" rel=\"external nofollow noopener\">download do material<\/a>. Cada fam\u00edlia, por\u00e9m, pode se adaptar \u00e0 celebra\u00e7\u00e3o conforme as necessidades. Os cantos, por exemplo, servem de sugest\u00e3o e podem ser trocados, sempre levando em considera\u00e7\u00e3o, por\u00e9m, a Solenidade de Corpus Christi.<\/p>\n<p><strong>Tapetes de Corpus Christi e o Cristo Redentor<\/strong><\/p>\n<p>\u201c\u00c9 um tempo muito diferente em que vivemos na hist\u00f3ria, fonte e cume de nossa vida crist\u00e3\u201d, afirma dom Orani Jo\u00e3o Tempesta: \u201cneste tempo de exce\u00e7\u00e3o, em que a nossa presen\u00e7a nos templos acaba n\u00e3o acontecendo, j\u00e1 celebramos de longe a Quaresma, a Semana Santa, a P\u00e1scoa e Pentecostes\u201d. A festa da Eucaristia, feriado no Brasil, lembra o cardeal, tamb\u00e9m \u00e9 marcada pela tradi\u00e7\u00e3o de \u201cenfeitar as ruas, pra\u00e7as e igrejas com o tapete de&nbsp;Corpus Christi, bem colorido e com temas voltado para a Igreja e a Eucaristia\u201d.<\/p>\n<p>Com as prociss\u00f5es suspensas no Brasil por causa da pandemia, \u201cneste ano o Cristo Redentor, \u00e0 noite, exibir\u00e1 alguns desses tapetes fazendo men\u00e7\u00e3o ao trabalho de nosso povo. Mas tenho certeza que todos deveremos ser um belo espa\u00e7o para que Cristo possa passar em nossas vidas\u201d, finaliza o arcebispo do Rio de Janeiro.<\/p>\n<p><strong>A Solenidade no Vaticano<\/strong><\/p>\n<p>J\u00e1 o Papa Francisco vai presidir a missa no domingo, dia 14 de junho, no Altar da C\u00e1tedra da Bas\u00edlica de S\u00e3o Pedro com a presen\u00e7a de 50 fi\u00e9is. A celebra\u00e7\u00e3o por ocasi\u00e3o de Corpus Christi come\u00e7a \u00e0s 9h45 no hor\u00e1rio italiano (4h45 no hor\u00e1rio de Bras\u00edlia), com transmiss\u00e3o ao vivo do Vatican News e coment\u00e1rios em portugu\u00eas.&nbsp;Ao final, a exposi\u00e7\u00e3o do Sant\u00edssimo Sacramento e a b\u00ean\u00e7\u00e3o eucar\u00edstica concedida pelo Pont\u00edfice. Nesta quarta-feira (10), na Audi\u00eancia Geral, o Papa lembrou:<\/p>\n<div>\n<div class=\"article__embed article__embed--border embed_style\">\n<blockquote><p>\u201cEste ano n\u00e3o \u00e9 poss\u00edvel celebrar a Eucaristia com manifesta\u00e7\u00f5es p\u00fablicas, todavia podemos realizar uma &#8220;vida eucar\u00edstica&#8221;.\u201d<\/p><\/blockquote>\n<\/div>\n<\/div>\n<\/div>\n<div class=\"title__separator\"><b>Andressa Collet\/ Vatican News<\/b><\/div>\n","protected":false},"excerpt":{"rendered":"<p>Com as v\u00e1rias realidades e restri\u00e7\u00f5es da pandemia no Brasil, inclusive com as prociss\u00f5es suspensas, a Solenidade de Corpus Christi no pa\u00eds n\u00e3o precisa perder a for\u00e7a do seu significado de celebrar a festa da Eucaristia. Para isso, a Comiss\u00e3o Episcopal Pastoral para a Liturgia da CNBB est\u00e1 disponibilizando um roteiro com orienta\u00e7\u00f5es para rezar&nbsp;<\/p>\n<p><a class=\"btn btn-style\" href=\"http:\/\/portalcatolico.net\/portal\/celebrar-corpus-christi-em-casa-um-roteiro-da-cnbb-ajuda-a-rezar-em-familia\/\">Continue Reading<\/a><\/p>\n","protected":false},"author":2,"featured_media":69462,"comment_status":"open","ping_status":"open","sticky":false,"template":"","format":"standard","meta":{"footnotes":""},"categories":[3],"tags":[],"class_list":["post-69461","post","type-post","status-publish","format-standard","has-post-thumbnail","hentry","category-noticias_regionais"],"_links":{"self":[{"href":"http:\/\/portalcatolico.net\/portal\/wp-json\/wp\/v2\/posts\/69461","targetHints":{"allow":["GET"]}}],"collection":[{"href":"http:\/\/portalcatolico.net\/portal\/wp-json\/wp\/v2\/posts"}],"about":[{"href":"http:\/\/portalcatolico.net\/portal\/wp-json\/wp\/v2\/types\/post"}],"author":[{"embeddable":true,"href":"http:\/\/portalcatolico.net\/portal\/wp-json\/wp\/v2\/users\/2"}],"replies":[{"embeddable":true,"href":"http:\/\/portalcatolico.net\/portal\/wp-json\/wp\/v2\/comments?post=69461"}],"version-history":[{"count":1,"href":"http:\/\/portalcatolico.net\/portal\/wp-json\/wp\/v2\/posts\/69461\/revisions"}],"predecessor-version":[{"id":69463,"href":"http:\/\/portalcatolico.net\/portal\/wp-json\/wp\/v2\/posts\/69461\/revisions\/69463"}],"wp:featuredmedia":[{"embeddable":true,"href":"http:\/\/portalcatolico.net\/portal\/wp-json\/wp\/v2\/media\/69462"}],"wp:attachment":[{"href":"http:\/\/portalcatolico.net\/portal\/wp-json\/wp\/v2\/media?parent=69461"}],"wp:term":[{"taxonomy":"category","embeddable":true,"href":"http:\/\/portalcatolico.net\/portal\/wp-json\/wp\/v2\/categories?post=69461"},{"taxonomy":"post_tag","embeddable":true,"href":"http:\/\/portalcatolico.net\/portal\/wp-json\/wp\/v2\/tags?post=69461"}],"curies":[{"name":"wp","href":"https:\/\/api.w.org\/{rel}","templated":true}]}}