{"id":69458,"date":"2020-06-11T15:42:50","date_gmt":"2020-06-11T18:42:50","guid":{"rendered":"http:\/\/portalcatolico.net\/portal\/?p=69458"},"modified":"2020-06-11T15:42:50","modified_gmt":"2020-06-11T18:42:50","slug":"telefonema-do-papa-ao-arcebispo-de-aparecida-dom-orlando-brandes","status":"publish","type":"post","link":"http:\/\/portalcatolico.net\/portal\/telefonema-do-papa-ao-arcebispo-de-aparecida-dom-orlando-brandes\/","title":{"rendered":"Telefonema do Papa ao arcebispo de Aparecida Dom Orlando Brandes"},"content":{"rendered":"<div class=\"article__subTitle\">Dom Orlando: \u201cEle pediu que transmitisse ao povo brasileiro suas ora\u00e7\u00f5es e recomendou que todos os brasileiros se coloquem no colo de Nossa Senhora Aparecida\u201d.<\/div>\n<div>\n<p>Mais um telefonema do Papa Francisco para o Brasil. Desta vez foi o arcebispo de Aparecida (SP), dom Orlando Brandes&nbsp;que recebeu uma&nbsp;liga\u00e7\u00e3o do Papa Francisco&nbsp;nesta&nbsp;quarta-feira (10\/06).&nbsp;Segundo informa\u00e7\u00f5es do pr\u00f3prio dom Orlando numa entrevista \u00e0 TV Aparecida, o Santo Padre \u201cmanifestou a sua solidariedade e carinho ao povo brasileiro\u201d, em especial nesse momento dif\u00edcil de&nbsp;pandemia da Covid-19.<\/p>\n<p>Segundo dom Orlando, durante o telefonema&nbsp;o Papa disse que reza por todos os brasileiros e que acompanha as not\u00edcias do Brasil em ora\u00e7\u00e3o. \u201cRecebemos esse grande&nbsp;presente de Corpus Christi&nbsp;do Papa Francisco\u201d, disse o arcebispo de Aparecida. \u201cEle pediu que&nbsp;transmitisse ao povo brasileiro suas ora\u00e7\u00f5es&nbsp;e recomendou&nbsp;que todos os brasileiros se coloquem no colo de Nossa Senhora Aparecida\u201d. &#8220;O Papa tamb\u00e9m recordou que ontem n\u00f3s celebramos o dia de S\u00e3o Jos\u00e9 de Anchieta, que ele canonizou e que marcou tanto tamb\u00e9m a vida dos brasileiros&#8221;, acrescentou o arcebispo.<\/p>\n<p>Durante a entrevista dom Orlando,&nbsp;disse que Francisco lembrou sua visita a Aparecida nos anos de 2007 e 2013, por ocasi\u00e3o da&nbsp;V Confer\u00eancia de Aparecida, ainda como arcebispo de Buenos Aires, e depois, como Papa, durante a&nbsp;JMJ no Rio de Janeiro.<\/p>\n<p>&#8220;Ele recordou que esteve aqui em 2013 e que aqui esteve em 2007 na Confer\u00eancia de Aparecida, da qual tamb\u00e9m participei. Ele tamb\u00e9m pediu, de nossa parte, que tamb\u00e9m rez\u00e1ssemos por ele&#8221;, disse dom Orlando.<\/p>\n<p>De acordo com o arcebispo, Francisco falou ainda da imagem de Nossa Senhora Aparecida que foi entronizada nos Jardins Vaticanos em setembro de 2016. &#8220;Ele disse: a imagem de Nossa Senhora Aparecida est\u00e1 bem pertinho de mim. E relembrou: eu me lembro que peguei Nossa Senhora no meu colo, a Madonnina, que quer dizer, m\u00e3ezinha. Recomendo a todos voc\u00eas estarem no colo da M\u00e3ezinha Aparecida&#8221;, destacou o arcebispo.<\/p>\n<p>Dom Orlando disse que o Papa&nbsp;pediu para dar uma ben\u00e7\u00e3o ao povo brasileiro em seu nome. Concluindo o telefonema, Francisco deixou uma mensagem aos brasileiros:&nbsp;\u201cCoragem e esperan\u00e7a. Somos pessoas de f\u00e9!\u201d, disse.<\/p>\n<p>Esta foi a&nbsp;terceira liga\u00e7\u00e3o&nbsp;do Papa Francisco para o Brasil durante a&nbsp;pandemia do coronav\u00edrus.&nbsp;O Santo Padre j\u00e1 havia telefonado para o&nbsp;arcebispo de Manaus, dom Leonardo Steiner,&nbsp;e tamb\u00e9m para o&nbsp;arcebispo de S\u00e3o Paulo, cardeal Odilo Pedro Scherer,&nbsp;para manifestar sua solidariedade.<\/p>\n<\/div>\n<div class=\"title__separator\"><b>Por Silvonei Jos\u00e9\/Vatican News<\/b><\/div>\n","protected":false},"excerpt":{"rendered":"<p>Dom Orlando: \u201cEle pediu que transmitisse ao povo brasileiro suas ora\u00e7\u00f5es e recomendou que todos os brasileiros se coloquem no colo de Nossa Senhora Aparecida\u201d. Mais um telefonema do Papa Francisco para o Brasil. Desta vez foi o arcebispo de Aparecida (SP), dom Orlando Brandes&nbsp;que recebeu uma&nbsp;liga\u00e7\u00e3o do Papa Francisco&nbsp;nesta&nbsp;quarta-feira (10\/06).&nbsp;Segundo informa\u00e7\u00f5es do pr\u00f3prio dom&nbsp;<\/p>\n<p><a class=\"btn btn-style\" href=\"http:\/\/portalcatolico.net\/portal\/telefonema-do-papa-ao-arcebispo-de-aparecida-dom-orlando-brandes\/\">Continue Reading<\/a><\/p>\n","protected":false},"author":2,"featured_media":69459,"comment_status":"open","ping_status":"open","sticky":false,"template":"","format":"standard","meta":{"footnotes":""},"categories":[5],"tags":[],"class_list":["post-69458","post","type-post","status-publish","format-standard","has-post-thumbnail","hentry","category-igreja_no_mundo"],"_links":{"self":[{"href":"http:\/\/portalcatolico.net\/portal\/wp-json\/wp\/v2\/posts\/69458","targetHints":{"allow":["GET"]}}],"collection":[{"href":"http:\/\/portalcatolico.net\/portal\/wp-json\/wp\/v2\/posts"}],"about":[{"href":"http:\/\/portalcatolico.net\/portal\/wp-json\/wp\/v2\/types\/post"}],"author":[{"embeddable":true,"href":"http:\/\/portalcatolico.net\/portal\/wp-json\/wp\/v2\/users\/2"}],"replies":[{"embeddable":true,"href":"http:\/\/portalcatolico.net\/portal\/wp-json\/wp\/v2\/comments?post=69458"}],"version-history":[{"count":1,"href":"http:\/\/portalcatolico.net\/portal\/wp-json\/wp\/v2\/posts\/69458\/revisions"}],"predecessor-version":[{"id":69460,"href":"http:\/\/portalcatolico.net\/portal\/wp-json\/wp\/v2\/posts\/69458\/revisions\/69460"}],"wp:featuredmedia":[{"embeddable":true,"href":"http:\/\/portalcatolico.net\/portal\/wp-json\/wp\/v2\/media\/69459"}],"wp:attachment":[{"href":"http:\/\/portalcatolico.net\/portal\/wp-json\/wp\/v2\/media?parent=69458"}],"wp:term":[{"taxonomy":"category","embeddable":true,"href":"http:\/\/portalcatolico.net\/portal\/wp-json\/wp\/v2\/categories?post=69458"},{"taxonomy":"post_tag","embeddable":true,"href":"http:\/\/portalcatolico.net\/portal\/wp-json\/wp\/v2\/tags?post=69458"}],"curies":[{"name":"wp","href":"https:\/\/api.w.org\/{rel}","templated":true}]}}