{"id":69455,"date":"2020-06-10T15:39:00","date_gmt":"2020-06-10T18:39:00","guid":{"rendered":"http:\/\/portalcatolico.net\/portal\/?p=69455"},"modified":"2020-06-11T15:39:15","modified_gmt":"2020-06-11T18:39:15","slug":"vitoria-da-conquista-prefeitura-autoriza-funcionamento-de-templos-religiosos-com-restricao","status":"publish","type":"post","link":"http:\/\/portalcatolico.net\/portal\/vitoria-da-conquista-prefeitura-autoriza-funcionamento-de-templos-religiosos-com-restricao\/","title":{"rendered":"VIT\u00d3RIA DA CONQUISTA: PREFEITURA AUTORIZA FUNCIONAMENTO DE TEMPLOS RELIGIOSOS COM RESTRI\u00c7\u00c3O"},"content":{"rendered":"<p>A Prefeitura de Vit\u00f3ria da Conquista publicou, nesta quarta-feira (10), o Decreto Municipal n\u00ba 20.338, que autoriza o funcionamento de templos religiosos de qualquer credo. Para serem abertos ao p\u00fablico, os espa\u00e7os devem obedecer \u00e0s orienta\u00e7\u00f5es dispostas no protocolo de seguran\u00e7a, como forma de preven\u00e7\u00e3o ao Coronav\u00edrus.<\/p>\n<p>A ocupa\u00e7\u00e3o m\u00e1xima do templo, por exemplo, dever\u00e1 ser limitada a 4m\u00b2 por pessoa. As celebra\u00e7\u00f5es devem ter dura\u00e7\u00e3o m\u00e1xima de 1h15. Nos assentos dos templos, deve ser respeitado o distanciamento de, no m\u00ednimo, dois metros entre as pessoas, bem como entre as fileiras de bancos.<\/p>\n<p>Os fi\u00e9is devem usar m\u00e1scara \u2013 o uso \u00e9 obrigat\u00f3rio \u2013 e ter acesso aos produtos de higiene, como o \u00e1lcool em gel, ou ao lavat\u00f3rio com sabonete l\u00edquido e papel toalha para higieniza\u00e7\u00e3o das m\u00e3os. Na entrada do templo, deve ser colocado um tapete com pano umedecido com hipoclorito de s\u00f3dio ou \u00e1gua sanit\u00e1ria para a higieniza\u00e7\u00e3o da sola dos cal\u00e7ados.<\/p>\n<p>\u00c9 importante destacar que as programa\u00e7\u00f5es de eventos, como catequeses, reuni\u00f5es, casamentos, batizados e cultos f\u00fanebres, que aglomeram grande n\u00famero de pessoas permanecem suspensas.<\/p>\n<p>Mesmo com a autoriza\u00e7\u00e3o para reabertura dos templos, a Prefeitura recomenda que a popula\u00e7\u00e3o realize seus atos religiosos em seus lares, de forma individual, ou em fam\u00edlia, de maneira virtual, sempre que poss\u00edvel. O isolamento social \u00e9 a forma mais eficaz de prevenir a contamina\u00e7\u00e3o pelo coronav\u00edrus e, mesmo com todo o trabalho que o Governo Municipal tem realizado h\u00e1 mais de 3 meses, a consci\u00eancia individual \u00e9 muito importante nessa luta.<\/p>\n<p><strong><a href=\"https:\/\/dom.pmvc.ba.gov.br\/diarios\/previsualizar\/ygN0MzaP\/162\">Confira<\/a><\/strong>&nbsp;todas as regras que devem ser seguidas para a reabertura dos Templos Religiosos.<\/p>\n<p>Por Gabriel Guedes\/Ipolitica.blog<\/p>\n<p>&nbsp;<\/p>\n<p>&nbsp;<\/p>\n","protected":false},"excerpt":{"rendered":"<p>A Prefeitura de Vit\u00f3ria da Conquista publicou, nesta quarta-feira (10), o Decreto Municipal n\u00ba 20.338, que autoriza o funcionamento de templos religiosos de qualquer credo. Para serem abertos ao p\u00fablico, os espa\u00e7os devem obedecer \u00e0s orienta\u00e7\u00f5es dispostas no protocolo de seguran\u00e7a, como forma de preven\u00e7\u00e3o ao Coronav\u00edrus. A ocupa\u00e7\u00e3o m\u00e1xima do templo, por exemplo, dever\u00e1&nbsp;<\/p>\n<p><a class=\"btn btn-style\" href=\"http:\/\/portalcatolico.net\/portal\/vitoria-da-conquista-prefeitura-autoriza-funcionamento-de-templos-religiosos-com-restricao\/\">Continue Reading<\/a><\/p>\n","protected":false},"author":2,"featured_media":69456,"comment_status":"open","ping_status":"open","sticky":false,"template":"","format":"standard","meta":{"footnotes":""},"categories":[4],"tags":[],"class_list":["post-69455","post","type-post","status-publish","format-standard","has-post-thumbnail","hentry","category-destaques"],"_links":{"self":[{"href":"http:\/\/portalcatolico.net\/portal\/wp-json\/wp\/v2\/posts\/69455","targetHints":{"allow":["GET"]}}],"collection":[{"href":"http:\/\/portalcatolico.net\/portal\/wp-json\/wp\/v2\/posts"}],"about":[{"href":"http:\/\/portalcatolico.net\/portal\/wp-json\/wp\/v2\/types\/post"}],"author":[{"embeddable":true,"href":"http:\/\/portalcatolico.net\/portal\/wp-json\/wp\/v2\/users\/2"}],"replies":[{"embeddable":true,"href":"http:\/\/portalcatolico.net\/portal\/wp-json\/wp\/v2\/comments?post=69455"}],"version-history":[{"count":1,"href":"http:\/\/portalcatolico.net\/portal\/wp-json\/wp\/v2\/posts\/69455\/revisions"}],"predecessor-version":[{"id":69457,"href":"http:\/\/portalcatolico.net\/portal\/wp-json\/wp\/v2\/posts\/69455\/revisions\/69457"}],"wp:featuredmedia":[{"embeddable":true,"href":"http:\/\/portalcatolico.net\/portal\/wp-json\/wp\/v2\/media\/69456"}],"wp:attachment":[{"href":"http:\/\/portalcatolico.net\/portal\/wp-json\/wp\/v2\/media?parent=69455"}],"wp:term":[{"taxonomy":"category","embeddable":true,"href":"http:\/\/portalcatolico.net\/portal\/wp-json\/wp\/v2\/categories?post=69455"},{"taxonomy":"post_tag","embeddable":true,"href":"http:\/\/portalcatolico.net\/portal\/wp-json\/wp\/v2\/tags?post=69455"}],"curies":[{"name":"wp","href":"https:\/\/api.w.org\/{rel}","templated":true}]}}