{"id":69449,"date":"2020-06-10T16:26:51","date_gmt":"2020-06-10T19:26:51","guid":{"rendered":"http:\/\/portalcatolico.net\/portal\/?p=69449"},"modified":"2020-06-10T16:29:12","modified_gmt":"2020-06-10T19:29:12","slug":"paroquia-em-itabuna-vai-fazer-carreata-de-corpus-christi-amanha","status":"publish","type":"post","link":"http:\/\/portalcatolico.net\/portal\/paroquia-em-itabuna-vai-fazer-carreata-de-corpus-christi-amanha\/","title":{"rendered":"Par\u00f3quia em Itabuna vai fazer carreata de Corpus Christi amanh\u00e3!"},"content":{"rendered":"<p>&#8220;Ir at\u00e9 os fieis catolicos&#8221; \u00e9 uma forma que a par\u00f3quia Santa Rita de&nbsp;C\u00e1ssia em Itabuna (BA), ir\u00e1 fazer nesta quinta-feira, 11 de junho,&nbsp; dia de Corpus Christi. Logo ap\u00f3s&nbsp; as celebra\u00e7\u00f5es da Solenidade do Sant\u00edssimo&nbsp;Corpo e Sangue de Cristo, que tem in\u00edcio \u00e0s 7h, com transmiss\u00e3o ao vivo pelo Portal Cat\u00f3lico Web R\u00e1dio e pelo Youtube da par\u00f3quia,&nbsp;haver\u00e1&nbsp;uma&nbsp;&nbsp;carreata de&nbsp;Corpus Christi, percorrendo&nbsp; v\u00e1rios bairros que comp\u00f5em a par\u00f3quia.<br \/>\nEssa \u00e9 uma forma de ir ao encontro&nbsp;dos fi\u00e9is que est\u00e3o isolados em suas resid\u00eancias por conta da pandemia.<\/p>\n<p>Nos demais munic\u00edpios da Diocese de Itabuna, tamb\u00e9m haver\u00e1 a celebra\u00e7\u00e3o de Corpus Christi, nas principais par\u00f3quias,&nbsp;organizadas pelos p\u00e1rocos locais e preparadas pelos volunt\u00e1rios das&nbsp;&nbsp;pastorais, movimentos e grupos.<\/p>\n<p><strong>HIST\u00d3RIA<\/strong><br \/>\nEm defesa da f\u00e9 na presen\u00e7a real de Jesus Cristo na Eucaristia, o Papa Urbano IV instituiu a Solenidade de Corpus Christi e esta passou a ser celebrada na quinta-feira, ap\u00f3s a festa da Sant\u00edssima Trindade. Assim, realizam-se as Prociss\u00f5es Eucar\u00edsticas pelas ruas, como a\u00e7\u00e3o de gra\u00e7as pelo dom supremo da Eucaristia.<\/p>\n","protected":false},"excerpt":{"rendered":"<p>&#8220;Ir at\u00e9 os fieis catolicos&#8221; \u00e9 uma forma que a par\u00f3quia Santa Rita de&nbsp;C\u00e1ssia em Itabuna (BA), ir\u00e1 fazer nesta quinta-feira, 11 de junho,&nbsp; dia de Corpus Christi. Logo ap\u00f3s&nbsp; as celebra\u00e7\u00f5es da Solenidade do Sant\u00edssimo&nbsp;Corpo e Sangue de Cristo, que tem in\u00edcio \u00e0s 7h, com transmiss\u00e3o ao vivo pelo Portal Cat\u00f3lico Web R\u00e1dio e&nbsp;<\/p>\n<p><a class=\"btn btn-style\" href=\"http:\/\/portalcatolico.net\/portal\/paroquia-em-itabuna-vai-fazer-carreata-de-corpus-christi-amanha\/\">Continue Reading<\/a><\/p>\n","protected":false},"author":2,"featured_media":69450,"comment_status":"open","ping_status":"open","sticky":false,"template":"","format":"standard","meta":{"footnotes":""},"categories":[4],"tags":[],"class_list":["post-69449","post","type-post","status-publish","format-standard","has-post-thumbnail","hentry","category-destaques"],"_links":{"self":[{"href":"http:\/\/portalcatolico.net\/portal\/wp-json\/wp\/v2\/posts\/69449","targetHints":{"allow":["GET"]}}],"collection":[{"href":"http:\/\/portalcatolico.net\/portal\/wp-json\/wp\/v2\/posts"}],"about":[{"href":"http:\/\/portalcatolico.net\/portal\/wp-json\/wp\/v2\/types\/post"}],"author":[{"embeddable":true,"href":"http:\/\/portalcatolico.net\/portal\/wp-json\/wp\/v2\/users\/2"}],"replies":[{"embeddable":true,"href":"http:\/\/portalcatolico.net\/portal\/wp-json\/wp\/v2\/comments?post=69449"}],"version-history":[{"count":1,"href":"http:\/\/portalcatolico.net\/portal\/wp-json\/wp\/v2\/posts\/69449\/revisions"}],"predecessor-version":[{"id":69451,"href":"http:\/\/portalcatolico.net\/portal\/wp-json\/wp\/v2\/posts\/69449\/revisions\/69451"}],"wp:featuredmedia":[{"embeddable":true,"href":"http:\/\/portalcatolico.net\/portal\/wp-json\/wp\/v2\/media\/69450"}],"wp:attachment":[{"href":"http:\/\/portalcatolico.net\/portal\/wp-json\/wp\/v2\/media?parent=69449"}],"wp:term":[{"taxonomy":"category","embeddable":true,"href":"http:\/\/portalcatolico.net\/portal\/wp-json\/wp\/v2\/categories?post=69449"},{"taxonomy":"post_tag","embeddable":true,"href":"http:\/\/portalcatolico.net\/portal\/wp-json\/wp\/v2\/tags?post=69449"}],"curies":[{"name":"wp","href":"https:\/\/api.w.org\/{rel}","templated":true}]}}