{"id":69446,"date":"2020-06-09T17:37:17","date_gmt":"2020-06-09T20:37:17","guid":{"rendered":"http:\/\/portalcatolico.net\/portal\/?p=69446"},"modified":"2020-06-09T17:37:17","modified_gmt":"2020-06-09T20:37:17","slug":"celebrar-a-festa-do-corpo-do-senhor-e-celebrar-a-festa-da-partilha-baixe-o-roteiro-de-corpus-christi","status":"publish","type":"post","link":"http:\/\/portalcatolico.net\/portal\/celebrar-a-festa-do-corpo-do-senhor-e-celebrar-a-festa-da-partilha-baixe-o-roteiro-de-corpus-christi\/","title":{"rendered":"Celebrar a festa do Corpo do Senhor \u00e9 celebrar a festa da partilha: baixe o roteiro de Corpus Christi"},"content":{"rendered":"<p>A Comiss\u00e3o Episcopal Pastoral para a Liturgia da Confer\u00eancia Nacional dos Bispos do Brasil (CNBB) disponibilizou o roteiro para a celebra\u00e7\u00e3o em fam\u00edlia da&nbsp;<em><strong>Solenidade do Sant\u00edssimo Corpo e Sangue de Cristo,&nbsp;<\/strong><\/em>festa inserida na retomada da&nbsp;caminhada da Igreja no Tempo Comum.<\/p>\n<p>\u201cAcolhendo as orienta\u00e7\u00f5es das autoridades sanit\u00e1rias, nossos bispos, nas mais diversas situa\u00e7\u00f5es e realidades v\u00e3o, a partir de um cuidadoso discernimento, orientando suas dioceses, par\u00f3quias e comunidades sobre como e quando v\u00e3o sendo retomadas as celebra\u00e7\u00f5es comunit\u00e1rias presenciais. Contudo, pessoas impossibilitadas por motivo de sa\u00fade ou idade, ou porque pertencem ao denominado \u2018grupo de risco\u2019 devem ainda abster-se de participar das celebra\u00e7\u00f5es comunit\u00e1rias dominicais\u201d, ressalta a Comiss\u00e3o para a Liturgia da CNBB, justificando a import\u00e2ncia de oferecer o material.<\/p>\n<p><a href=\"https:\/\/www.cnbb.org.br\/wp-content\/uploads\/sites\/32\/2020\/06\/Celebrar-em-Fam%C3%ADlia-Corpo-e-Sangue-de-Cristo.pdf\">BAIXE AQUI O ROTEIRO PARA A SOLENIDADE DE CORPUS CHRISTI \u2013 SANT\u00cdSSIMO CORPO E SANGUE DE CRISTO<\/a><\/p>\n<p>Para a celebra\u00e7\u00e3o, a Comiss\u00e3o indica uma manifesta\u00e7\u00e3o p\u00fablica de f\u00e9 na presen\u00e7a real de Jesus Cristo no sacramento da Eucaristia: \u201cOrnamente a frente de sua casa (porta, varanda, janela, etc\u2026) com flores, velas e algum s\u00edmbolo eucar\u00edstico\u201d.<\/p>\n<p>A partir do ensinamento que \u201cCelebrar a festa do Corpo do Senhor \u00e9 celebrar a festa da partilha\u201d, muitas par\u00f3quias, Brasil afora, far\u00e3o o recolhimento de alimentos para os pobres no momento que o carro andor com o Sant\u00edssimo Sacramento estiver passando pelas ruas. A indica\u00e7\u00e3o \u00e9 que as fam\u00edlias tamb\u00e9m participem deste gesto de solidariedade.<\/p>\n<p>Sobre as celebra\u00e7\u00f5es com a presen\u00e7a de fi\u00e9is, cada bispo tem definido normas e procedimentos em conson\u00e2ncia com as orienta\u00e7\u00f5es das autoridades de sa\u00fade.(CNBB)<\/p>\n","protected":false},"excerpt":{"rendered":"<p>A Comiss\u00e3o Episcopal Pastoral para a Liturgia da Confer\u00eancia Nacional dos Bispos do Brasil (CNBB) disponibilizou o roteiro para a celebra\u00e7\u00e3o em fam\u00edlia da&nbsp;Solenidade do Sant\u00edssimo Corpo e Sangue de Cristo,&nbsp;festa inserida na retomada da&nbsp;caminhada da Igreja no Tempo Comum. \u201cAcolhendo as orienta\u00e7\u00f5es das autoridades sanit\u00e1rias, nossos bispos, nas mais diversas situa\u00e7\u00f5es e realidades v\u00e3o,&nbsp;<\/p>\n<p><a class=\"btn btn-style\" href=\"http:\/\/portalcatolico.net\/portal\/celebrar-a-festa-do-corpo-do-senhor-e-celebrar-a-festa-da-partilha-baixe-o-roteiro-de-corpus-christi\/\">Continue Reading<\/a><\/p>\n","protected":false},"author":2,"featured_media":0,"comment_status":"open","ping_status":"open","sticky":false,"template":"","format":"standard","meta":{"footnotes":""},"categories":[3],"tags":[],"class_list":["post-69446","post","type-post","status-publish","format-standard","hentry","category-noticias_regionais"],"_links":{"self":[{"href":"http:\/\/portalcatolico.net\/portal\/wp-json\/wp\/v2\/posts\/69446","targetHints":{"allow":["GET"]}}],"collection":[{"href":"http:\/\/portalcatolico.net\/portal\/wp-json\/wp\/v2\/posts"}],"about":[{"href":"http:\/\/portalcatolico.net\/portal\/wp-json\/wp\/v2\/types\/post"}],"author":[{"embeddable":true,"href":"http:\/\/portalcatolico.net\/portal\/wp-json\/wp\/v2\/users\/2"}],"replies":[{"embeddable":true,"href":"http:\/\/portalcatolico.net\/portal\/wp-json\/wp\/v2\/comments?post=69446"}],"version-history":[{"count":1,"href":"http:\/\/portalcatolico.net\/portal\/wp-json\/wp\/v2\/posts\/69446\/revisions"}],"predecessor-version":[{"id":69448,"href":"http:\/\/portalcatolico.net\/portal\/wp-json\/wp\/v2\/posts\/69446\/revisions\/69448"}],"wp:attachment":[{"href":"http:\/\/portalcatolico.net\/portal\/wp-json\/wp\/v2\/media?parent=69446"}],"wp:term":[{"taxonomy":"category","embeddable":true,"href":"http:\/\/portalcatolico.net\/portal\/wp-json\/wp\/v2\/categories?post=69446"},{"taxonomy":"post_tag","embeddable":true,"href":"http:\/\/portalcatolico.net\/portal\/wp-json\/wp\/v2\/tags?post=69446"}],"curies":[{"name":"wp","href":"https:\/\/api.w.org\/{rel}","templated":true}]}}