{"id":69443,"date":"2020-06-09T17:30:55","date_gmt":"2020-06-09T20:30:55","guid":{"rendered":"http:\/\/portalcatolico.net\/portal\/?p=69443"},"modified":"2020-06-09T17:30:55","modified_gmt":"2020-06-09T20:30:55","slug":"confira-a-programacao-do-triduo-em-preparacao-para-a-festa-de-santo-antonio-em-itabuna","status":"publish","type":"post","link":"http:\/\/portalcatolico.net\/portal\/confira-a-programacao-do-triduo-em-preparacao-para-a-festa-de-santo-antonio-em-itabuna\/","title":{"rendered":"Confira a programa\u00e7\u00e3o do Tr\u00edduo em prepara\u00e7\u00e3o para a Festa de Santo Ant\u00f4nio em Itabuna"},"content":{"rendered":"<p>A&nbsp;Diocese de Itabuna tem quatro par\u00f3quias, em quatro cidades, que tem Santo Ant\u00f4nio como&nbsp;padroeiro. S\u00e3o elas: Itoror\u00f3, Itaju do Col\u00f4nia, Firmino Alves e em Itabuna. Santo Ant\u00f4nio \u00e9 um dos santos mais queridos e populares da Igreja Cat\u00f3lica. Ele \u00e9 invocado para encontrar objetos perdidos e tamb\u00e9m \u00e9 conhecido como o &#8220;Santo Casamenteiro&#8221;.<\/p>\n<p>O tema central da festa esse ano \u00e9: &#8220;Santo Ant\u00f4nio, grande Arauto do Evagelho&#8221;.<br \/>\nE a par\u00f3quia Santa Rita de C\u00e1ssia, em Itabuna,&nbsp; vai iniciar nesta&nbsp;ter\u00e7a-feira&nbsp; (09\/06), um Tr\u00edduo em prepara\u00e7\u00e3o para a Festa Solene de&nbsp;Santo Ant\u00f4nio. Al\u00e9m da vida do santo, algumas curiosidades e relatos&nbsp;importantes sobre ele, ser\u00e3o contados na Missa das 16h30, durante os&nbsp;tr\u00eas dias que antecedem a grande festa de Santo Ant\u00f4nio. Est\u00e3o previstas&nbsp;tamb\u00e9m, b\u00ean\u00e7\u00e3os de p\u00e3es, ladainhas de Santo Ant\u00f4nio e muita devo\u00e7\u00e3o,&nbsp;carinho e amor ao &#8220;Santo de todo o mundo&#8221;.&nbsp;No dia 13 de junho, Dia de Santo Ant\u00f4nio, em todas as Missas, v\u00e3o ter b\u00ean\u00e7\u00e3os&nbsp;e muita alegria.<\/p>\n<p><strong>Confira a programa\u00e7\u00e3o:<\/strong><\/p>\n<p>09\/06 &#8211; ter\u00e7a-feira, \u00e0s 16h30-Subtema:&#8221; V\u00f3s sois o sal da terra e a luz<br \/>\ndo mundo&#8221;<br \/>\nPalavra do dia: ESTAR PRESENTE<\/p>\n<p>10\/06 &#8211; quarta-feira, \u00e0s 16h30- Subtema: &#8220;N\u00e3o vim para abrir, mas para<br \/>\ndar-lhe pleno cumprimento&#8221;<br \/>\nPalavra do dia: PRATICAR E ENSINAR<\/p>\n<p>11\/06- Solenidade de Corpus Christi<\/p>\n<p>12\/06 \u2013 sexta-feira,&nbsp;&nbsp;\u00e0s 16h30 &#8211; Subtema: &#8220;Se algo te \u00e9 ocasi\u00e3o de<br \/>\npecado, conta&#8221;<br \/>\nPalavra do dia: SER COERENTE<\/p>\n<p>13\/06-&nbsp;s\u00e1bado, \u00e0s 16h30 &#8211; Subtema: &#8220;Ide anunciar a Boa Nova<br \/>\nPalavra do dia: ANUNCIAR<\/p>\n<p><b>&nbsp;<\/b><\/p>\n","protected":false},"excerpt":{"rendered":"<p>A&nbsp;Diocese de Itabuna tem quatro par\u00f3quias, em quatro cidades, que tem Santo Ant\u00f4nio como&nbsp;padroeiro. S\u00e3o elas: Itoror\u00f3, Itaju do Col\u00f4nia, Firmino Alves e em Itabuna. Santo Ant\u00f4nio \u00e9 um dos santos mais queridos e populares da Igreja Cat\u00f3lica. Ele \u00e9 invocado para encontrar objetos perdidos e tamb\u00e9m \u00e9 conhecido como o &#8220;Santo Casamenteiro&#8221;. O tema&nbsp;<\/p>\n<p><a class=\"btn btn-style\" href=\"http:\/\/portalcatolico.net\/portal\/confira-a-programacao-do-triduo-em-preparacao-para-a-festa-de-santo-antonio-em-itabuna\/\">Continue Reading<\/a><\/p>\n","protected":false},"author":2,"featured_media":69444,"comment_status":"open","ping_status":"open","sticky":false,"template":"","format":"standard","meta":{"footnotes":""},"categories":[4],"tags":[],"class_list":["post-69443","post","type-post","status-publish","format-standard","has-post-thumbnail","hentry","category-destaques"],"_links":{"self":[{"href":"http:\/\/portalcatolico.net\/portal\/wp-json\/wp\/v2\/posts\/69443","targetHints":{"allow":["GET"]}}],"collection":[{"href":"http:\/\/portalcatolico.net\/portal\/wp-json\/wp\/v2\/posts"}],"about":[{"href":"http:\/\/portalcatolico.net\/portal\/wp-json\/wp\/v2\/types\/post"}],"author":[{"embeddable":true,"href":"http:\/\/portalcatolico.net\/portal\/wp-json\/wp\/v2\/users\/2"}],"replies":[{"embeddable":true,"href":"http:\/\/portalcatolico.net\/portal\/wp-json\/wp\/v2\/comments?post=69443"}],"version-history":[{"count":1,"href":"http:\/\/portalcatolico.net\/portal\/wp-json\/wp\/v2\/posts\/69443\/revisions"}],"predecessor-version":[{"id":69445,"href":"http:\/\/portalcatolico.net\/portal\/wp-json\/wp\/v2\/posts\/69443\/revisions\/69445"}],"wp:featuredmedia":[{"embeddable":true,"href":"http:\/\/portalcatolico.net\/portal\/wp-json\/wp\/v2\/media\/69444"}],"wp:attachment":[{"href":"http:\/\/portalcatolico.net\/portal\/wp-json\/wp\/v2\/media?parent=69443"}],"wp:term":[{"taxonomy":"category","embeddable":true,"href":"http:\/\/portalcatolico.net\/portal\/wp-json\/wp\/v2\/categories?post=69443"},{"taxonomy":"post_tag","embeddable":true,"href":"http:\/\/portalcatolico.net\/portal\/wp-json\/wp\/v2\/tags?post=69443"}],"curies":[{"name":"wp","href":"https:\/\/api.w.org\/{rel}","templated":true}]}}