{"id":69440,"date":"2020-06-08T21:00:29","date_gmt":"2020-06-09T00:00:29","guid":{"rendered":"http:\/\/portalcatolico.net\/portal\/?p=69440"},"modified":"2020-06-08T21:02:32","modified_gmt":"2020-06-09T00:02:32","slug":"pe-nicolau-celebra-35-anos-de-ordenacao-sacerdotal","status":"publish","type":"post","link":"http:\/\/portalcatolico.net\/portal\/pe-nicolau-celebra-35-anos-de-ordenacao-sacerdotal\/","title":{"rendered":"Pe. Nicolau celebra 35 anos de ordena\u00e7\u00e3o sacerdotal"},"content":{"rendered":"<p>Na manh\u00e3 desta segunda-feira (08\/06) aconteceu a missa em a\u00e7\u00e3o de gra\u00e7as pelos 35 anos de ordena\u00e7\u00e3o sacerdotal de nosso p\u00e1roco, Padre Nicolau. A celebra\u00e7\u00e3o foi presidida pelo padre e co-celebrada pelo di\u00e1cono Ubiratan.<\/p>\n<p>A missa foi restrita aos celebrantes, membros da pascom e&nbsp;transmitida ao vivo pelo facebook e instagram da nossa Par\u00f3quia.<\/p>\n<p>Queremos parabenizar nosso p\u00e1roco por esta marcante data, que nosso Senhor Jesus Cristo possa continuar aben\u00e7oando esta miss\u00e3o e que Nossa Senhora esteja sempre \u00e0 sua intercess\u00e3o.<\/p>\n<p>Abaixo temos foto da equipe celebrativa, uma mensagem escrita de agradecimento que foi transmitida ao vivo e tamb\u00e9m tem um v\u00eddeo, homenagem, para nosso p\u00e1roco.<\/p>\n<p><strong>MENSAGEM:<\/strong><\/p>\n<p>Padre Nicolau, estamos em festa!Nos unimos ao senhor na alegria dos seus 35 anos de vida sacerdotal.<\/p>\n<p>Nossa, uma vida de entrega di\u00e1ria ao Reino de Deus.<\/p>\n<p>Bem, com certeza muita coisa mudou!<\/p>\n<p>Ao longo destes anos sabemos que os fios brancos chegaram, a fala de nossa l\u00edngua ficou bem mais fluente, costumes dos locais por onde passou foram enraizados, entre outras coisas, claro.<\/p>\n<p>Mas ao recebermos o presente de t\u00ea-lo como nosso pastor e nesse pouco tempo de conviv\u00eancia (7 anos) com certeza nossa comunidade pode afirmar que em meio \u00e0s poss\u00edveis mudan\u00e7as externas e internas, em meio ao amadurecimento natural, o seu SIM n\u00e3o mudou.<\/p>\n<p>Sim, \u00e0 voca\u00e7\u00e3o que Deus lhe deu.<\/p>\n<p>Sim, ao servi\u00e7o sempre zeloso.<\/p>\n<p>Sim, \u00e0 vida e a justi\u00e7a.<\/p>\n<p>Sim, \u00e0s supera\u00e7\u00f5es (que n\u00e3o foram poucas at\u00e9 aqui).<\/p>\n<p>Sim, ao saber ouvir e saber falar (e como falas bem!).<\/p>\n<p>Sim, ao aconselhar e fazer amizades.<\/p>\n<p>Sim, ao renovar dia a dia o compromisso diante de Deus em conduzir o povo no caminho de Jesus.<\/p>\n<p>Sim, mesmo diante das perdas, decep\u00e7\u00f5es e saudades.<\/p>\n<p>Sim, mesmo diante das amea\u00e7as e fatalidades ocorridas.<\/p>\n<p>E sim, mesmo neste tempo da aus\u00eancia da assembleia, na falta de cada paroquiano,&nbsp; das crian\u00e7as nas missas e tantas outras atividades paroquiais.<\/p>\n<p>Que Nossa Senhora que sempre esteve \u00e0 frente de sua vida, continue te protegendo e fortalecendo nesta caminhada de realiza\u00e7\u00e3o pessoal.<\/p>\n<p>Apresentamos aqui nossa imensa vontade de abra\u00e7\u00e1-lo e dizer-te muito mais.&nbsp;<\/p>\n<p>Parab\u00e9ns!!<\/p>\n<p>Confira as fotos e v\u00eddeo <a href=\"http:\/\/paroquiadefatimaitabuna.com.br\/2020\/05\/04\/comecou-nossa-novena-ao-vivo\/\"><strong>AQUI<\/strong><\/a><\/p>\n<p>Por Pascom\/Par\u00f3quia Nossa Senhora de F\u00e1tima em Itabuna(BA)<\/p>\n","protected":false},"excerpt":{"rendered":"<p>Na manh\u00e3 desta segunda-feira (08\/06) aconteceu a missa em a\u00e7\u00e3o de gra\u00e7as pelos 35 anos de ordena\u00e7\u00e3o sacerdotal de nosso p\u00e1roco, Padre Nicolau. A celebra\u00e7\u00e3o foi presidida pelo padre e co-celebrada pelo di\u00e1cono Ubiratan. A missa foi restrita aos celebrantes, membros da pascom e&nbsp;transmitida ao vivo pelo facebook e instagram da nossa Par\u00f3quia. Queremos parabenizar&nbsp;<\/p>\n<p><a class=\"btn btn-style\" href=\"http:\/\/portalcatolico.net\/portal\/pe-nicolau-celebra-35-anos-de-ordenacao-sacerdotal\/\">Continue Reading<\/a><\/p>\n","protected":false},"author":2,"featured_media":69442,"comment_status":"open","ping_status":"open","sticky":false,"template":"","format":"standard","meta":{"footnotes":""},"categories":[4],"tags":[],"class_list":["post-69440","post","type-post","status-publish","format-standard","has-post-thumbnail","hentry","category-destaques"],"_links":{"self":[{"href":"http:\/\/portalcatolico.net\/portal\/wp-json\/wp\/v2\/posts\/69440","targetHints":{"allow":["GET"]}}],"collection":[{"href":"http:\/\/portalcatolico.net\/portal\/wp-json\/wp\/v2\/posts"}],"about":[{"href":"http:\/\/portalcatolico.net\/portal\/wp-json\/wp\/v2\/types\/post"}],"author":[{"embeddable":true,"href":"http:\/\/portalcatolico.net\/portal\/wp-json\/wp\/v2\/users\/2"}],"replies":[{"embeddable":true,"href":"http:\/\/portalcatolico.net\/portal\/wp-json\/wp\/v2\/comments?post=69440"}],"version-history":[{"count":1,"href":"http:\/\/portalcatolico.net\/portal\/wp-json\/wp\/v2\/posts\/69440\/revisions"}],"predecessor-version":[{"id":69441,"href":"http:\/\/portalcatolico.net\/portal\/wp-json\/wp\/v2\/posts\/69440\/revisions\/69441"}],"wp:featuredmedia":[{"embeddable":true,"href":"http:\/\/portalcatolico.net\/portal\/wp-json\/wp\/v2\/media\/69442"}],"wp:attachment":[{"href":"http:\/\/portalcatolico.net\/portal\/wp-json\/wp\/v2\/media?parent=69440"}],"wp:term":[{"taxonomy":"category","embeddable":true,"href":"http:\/\/portalcatolico.net\/portal\/wp-json\/wp\/v2\/categories?post=69440"},{"taxonomy":"post_tag","embeddable":true,"href":"http:\/\/portalcatolico.net\/portal\/wp-json\/wp\/v2\/tags?post=69440"}],"curies":[{"name":"wp","href":"https:\/\/api.w.org\/{rel}","templated":true}]}}