{"id":69433,"date":"2020-06-08T20:22:55","date_gmt":"2020-06-08T23:22:55","guid":{"rendered":"http:\/\/portalcatolico.net\/portal\/?p=69433"},"modified":"2020-06-08T20:22:55","modified_gmt":"2020-06-08T23:22:55","slug":"papa-celebra-missa-de-corpus-christi-na-basilica-de-sao-pedro-no-domingo-dia-14","status":"publish","type":"post","link":"http:\/\/portalcatolico.net\/portal\/papa-celebra-missa-de-corpus-christi-na-basilica-de-sao-pedro-no-domingo-dia-14\/","title":{"rendered":"Papa celebra missa de Corpus Christi na Bas\u00edlica de S\u00e3o Pedro no domingo, dia 14"},"content":{"rendered":"<p>Francisco vai presidir a missa no Altar da C\u00e1tedra da Bas\u00edlica com a presen\u00e7a de 50 fi\u00e9is. A celebra\u00e7\u00e3o por ocasi\u00e3o de Corpus Christi come\u00e7a \u00e0s 9h45 no hor\u00e1rio italiano (4h45 no hor\u00e1rio de Bras\u00edlia), com transmiss\u00e3o ao vivo do Vatican News e coment\u00e1rios em portugu\u00eas. Ao final, a exposi\u00e7\u00e3o do Sant\u00edssimo Sacramento e a b\u00ean\u00e7\u00e3o eucar\u00edstica concedida pelo Pont\u00edfice.<\/p>\n<p>No pr\u00f3ximo domingo, 14 de junho, o Papa Francisco vai presidir a missa por ocasi\u00e3o da Solenidade de Corpus Christi no Altar da C\u00e1tedra da Bas\u00edlica de S\u00e3o Pedro. Cerca de 50 fi\u00e9is ir\u00e3o participar da celebra\u00e7\u00e3o que come\u00e7a \u00e0s 9h45 no hor\u00e1rio italiano (4h45 no hor\u00e1rio de Bras\u00edlia), com transmiss\u00e3o ao vivo do Vatican News e coment\u00e1rios em portugu\u00eas.<\/p>\n<p>A cerim\u00f4nia se conclui com a exposi\u00e7\u00e3o do Sant\u00edssimo Sacramento e a b\u00ean\u00e7\u00e3o eucar\u00edstica concedida pelo Pont\u00edfice, assim como aconteceu durante as missas transmitidas via streaming ao mundo, diariamente, de 9 de mar\u00e7o a 17 de maio. Nesse per\u00edodo, a It\u00e1lia e outros pa\u00edses n\u00e3o podiam realizar as celebra\u00e7\u00f5es com a participa\u00e7\u00e3o dos fi\u00e9is por causa da pandemia.<\/p>\n<p><strong>As celebra\u00e7\u00f5es do Papa Francisco<\/strong><\/p>\n<p>J\u00e1 no ano passado, o Papa Francisco presidiu a missa de Corpus Christi no adro da Igreja de Santa Maria Consoladora, no bairro de Casal Bertone, zona leste de Roma. Em 2018, a celebra\u00e7\u00e3o foi realizada na pra\u00e7a em frente \u00e0 par\u00f3quia de Santa M\u00f4nica, no bairro de Ostia, no litoral de Roma. De 2013 a 2017, a missa foi celebrada na Bas\u00edlica de S\u00e3o Jo\u00e3o de Latr\u00e3o, seguida da prociss\u00e3o eucar\u00edstica at\u00e9 a Bas\u00edlica de Santa Maria Maior.<\/p>\n<p><strong>Origens da Solenidade<\/strong><\/p>\n<p>As ra\u00edzes da Solenidade do Corpo e Sangue de Cristo remontam ao s\u00e9culo XIII. Em 1215, diante daqueles que alegavam a presen\u00e7a simb\u00f3lica e n\u00e3o real de Cristo na Eucaristia, o Quarto Conc\u00edlio de Latr\u00e3o afirmava a verdade sobre a Transubstancia\u00e7\u00e3o, que o Conc\u00edlio de Trento, em 1551, reafirma em modo definitivo: com a consagra\u00e7\u00e3o do p\u00e3o e do vinho ocorre a convers\u00e3o de toda a subst\u00e2ncia do p\u00e3o na subst\u00e2ncia do Corpo de Cristo, e de toda a subst\u00e2ncia do vinho na subst\u00e2ncia do seu Sangue.<\/p>\n<p>Na B\u00e9lgica, ap\u00f3s as experi\u00eancias m\u00edsticas de Santa Juliana de Cornillon foi institu\u00edda uma festa local em Li\u00e8ge, em 1247. Depois de alguns anos, em 1263, um sacerdote da Bo\u00eamia celebrava uma missa na cidade italiana de Bolsena, pr\u00f3xima a Orvieto, aflito pela d\u00favida sobre a presen\u00e7a real de Jesus: durante a consagra\u00e7\u00e3o, da h\u00f3stia partida sa\u00edram algumas gotas de sangue. Depois desse evento, Papa Urbano IV determinou, em 1264, estender a toda a Igreja a Solenidade de Corpus Christi. (Vatican News)<\/p>\n","protected":false},"excerpt":{"rendered":"<p>Francisco vai presidir a missa no Altar da C\u00e1tedra da Bas\u00edlica com a presen\u00e7a de 50 fi\u00e9is. A celebra\u00e7\u00e3o por ocasi\u00e3o de Corpus Christi come\u00e7a \u00e0s 9h45 no hor\u00e1rio italiano (4h45 no hor\u00e1rio de Bras\u00edlia), com transmiss\u00e3o ao vivo do Vatican News e coment\u00e1rios em portugu\u00eas. Ao final, a exposi\u00e7\u00e3o do Sant\u00edssimo Sacramento e a&nbsp;<\/p>\n<p><a class=\"btn btn-style\" href=\"http:\/\/portalcatolico.net\/portal\/papa-celebra-missa-de-corpus-christi-na-basilica-de-sao-pedro-no-domingo-dia-14\/\">Continue Reading<\/a><\/p>\n","protected":false},"author":2,"featured_media":69434,"comment_status":"open","ping_status":"open","sticky":false,"template":"","format":"standard","meta":{"footnotes":""},"categories":[5],"tags":[],"class_list":["post-69433","post","type-post","status-publish","format-standard","has-post-thumbnail","hentry","category-igreja_no_mundo"],"_links":{"self":[{"href":"http:\/\/portalcatolico.net\/portal\/wp-json\/wp\/v2\/posts\/69433","targetHints":{"allow":["GET"]}}],"collection":[{"href":"http:\/\/portalcatolico.net\/portal\/wp-json\/wp\/v2\/posts"}],"about":[{"href":"http:\/\/portalcatolico.net\/portal\/wp-json\/wp\/v2\/types\/post"}],"author":[{"embeddable":true,"href":"http:\/\/portalcatolico.net\/portal\/wp-json\/wp\/v2\/users\/2"}],"replies":[{"embeddable":true,"href":"http:\/\/portalcatolico.net\/portal\/wp-json\/wp\/v2\/comments?post=69433"}],"version-history":[{"count":1,"href":"http:\/\/portalcatolico.net\/portal\/wp-json\/wp\/v2\/posts\/69433\/revisions"}],"predecessor-version":[{"id":69435,"href":"http:\/\/portalcatolico.net\/portal\/wp-json\/wp\/v2\/posts\/69433\/revisions\/69435"}],"wp:featuredmedia":[{"embeddable":true,"href":"http:\/\/portalcatolico.net\/portal\/wp-json\/wp\/v2\/media\/69434"}],"wp:attachment":[{"href":"http:\/\/portalcatolico.net\/portal\/wp-json\/wp\/v2\/media?parent=69433"}],"wp:term":[{"taxonomy":"category","embeddable":true,"href":"http:\/\/portalcatolico.net\/portal\/wp-json\/wp\/v2\/categories?post=69433"},{"taxonomy":"post_tag","embeddable":true,"href":"http:\/\/portalcatolico.net\/portal\/wp-json\/wp\/v2\/tags?post=69433"}],"curies":[{"name":"wp","href":"https:\/\/api.w.org\/{rel}","templated":true}]}}