{"id":69389,"date":"2020-06-02T19:34:02","date_gmt":"2020-06-02T22:34:02","guid":{"rendered":"http:\/\/portalcatolico.net\/portal\/?p=69389"},"modified":"2020-06-02T19:35:11","modified_gmt":"2020-06-02T22:35:11","slug":"arquidiocese-de-salvador-realizara-coletiva-de-imprensa-com-o-novo-arcebispo-primaz-do-brasil-cardeal-dom-sergio-da-rocha","status":"publish","type":"post","link":"http:\/\/portalcatolico.net\/portal\/arquidiocese-de-salvador-realizara-coletiva-de-imprensa-com-o-novo-arcebispo-primaz-do-brasil-cardeal-dom-sergio-da-rocha\/","title":{"rendered":"Arquidiocese de Salvador realizar\u00e1 coletiva de imprensa com o novo Arcebispo Primaz do Brasil, Cardeal Dom Sergio da Rocha"},"content":{"rendered":"<p>Na pr\u00f3xima sexta-feira, <strong>dia 5 de junho, \u00e0s 10h30<\/strong>, ser\u00e1 realizada a primeira <strong>coletiva de imprensa<\/strong> com o <strong>Cardeal Dom Sergio da Rocha<\/strong> que, neste mesmo dia, tomar\u00e1 posse como o <strong>28\u00ba Arcebispo de Salvador e Primaz do Brasil<\/strong>, sucedendo a Dom Murilo Krieger, que esteve \u00e0 frente desta Igreja Particular ao longo de nove anos. <strong>A coletiva acontecer\u00e1 no Pal\u00e1cio da S\u00e9, localizado na Pra\u00e7a da S\u00e9, e ser\u00e1 aberta para todos os ve\u00edculos de comunica\u00e7\u00e3o<\/strong>.<\/p>\n<p>Dom Sergio foi nomeado como o novo Arcebispo de Salvador no dia 11 de mar\u00e7o deste ano. Na ocasi\u00e3o, o Cardeal enviou uma mensagem aos fi\u00e9is, destacando tr\u00eas palavras que expressavam o sentimento de poder servir a S\u00e9 Primacial da Igreja do Brasil: agradecer, amar e servir. &#8220;Desde o primeiro momento da nomea\u00e7\u00e3o recebida, tenho voltado o olhar e o cora\u00e7\u00e3o para Salvador como minha nova fam\u00edlia. Com amor de pai, irm\u00e3o e amigo, assumo esta nova miss\u00e3o com esperan\u00e7a e alegria, sabendo que vou encontrar irm\u00e3os e amigos, com os quais quero conviver fraternalmente e trabalhar juntos pelo Reino de Deus. J\u00e1 me sinto parte dessa fam\u00edlia acolhedora. Pela gra\u00e7a de Deus e contando com a ajuda de todos, tenho a esperan\u00e7a de crescer na viv\u00eancia do lema que tem iluminado meu minist\u00e9rio episcopal &#8216;tudo na caridade&#8217;, com especial aten\u00e7\u00e3o aos que mais sofrem, animado pelo exemplo de Santa Dulce dos Pobres, a quem muito admiro e venero&#8221;, disse.<\/p>\n<p>Tamb\u00e9m no dia 5 de junho, \u00e0s 19h, acontecer\u00e1 a Missa de posse do novo Arcebispo. Contudo, devido \u00e0 pandemia ocasionada pelo COVID-19, a Celebra\u00e7\u00e3o Eucar\u00edstica ser\u00e1 restrita e os fi\u00e9is poder\u00e3o acompanhar, de casa, pelas redes sociais e pelas ondas da r\u00e1dio da Arquidiocese. Para que isto seja poss\u00edvel, a equipe da Pastoral da Comunica\u00e7\u00e3o Arquidiocesana (Pascom) e da Rede Excelsior de Comunica\u00e7\u00e3o realizar\u00e3o a transmiss\u00e3o, ao vivo, atrav\u00e9s dos seguintes canais:<\/p>\n<p>Foto: Reprodu\u00e7\u00e3o\/Internet<\/p>\n<p>Youtube\/arquidiocesedesalvador<\/p>\n<p>Facebook: @ArquidioceseSalvador<\/p>\n<p>Instagram: @arquisalvador<\/p>\n<p>R\u00e1dio Excelsior AM 840<\/p>\n<p>R\u00e1dio Excelsior FM 106,1<\/p>\n<p>Por: Sara Gomes\/Arquidiocese de Salvador(BA)<\/p>\n","protected":false},"excerpt":{"rendered":"<p>Na pr\u00f3xima sexta-feira, dia 5 de junho, \u00e0s 10h30, ser\u00e1 realizada a primeira coletiva de imprensa com o Cardeal Dom Sergio da Rocha que, neste mesmo dia, tomar\u00e1 posse como o 28\u00ba Arcebispo de Salvador e Primaz do Brasil, sucedendo a Dom Murilo Krieger, que esteve \u00e0 frente desta Igreja Particular ao longo de nove&nbsp;<\/p>\n<p><a class=\"btn btn-style\" href=\"http:\/\/portalcatolico.net\/portal\/arquidiocese-de-salvador-realizara-coletiva-de-imprensa-com-o-novo-arcebispo-primaz-do-brasil-cardeal-dom-sergio-da-rocha\/\">Continue Reading<\/a><\/p>\n","protected":false},"author":2,"featured_media":69390,"comment_status":"open","ping_status":"open","sticky":false,"template":"","format":"standard","meta":{"footnotes":""},"categories":[4],"tags":[],"class_list":["post-69389","post","type-post","status-publish","format-standard","has-post-thumbnail","hentry","category-destaques"],"_links":{"self":[{"href":"http:\/\/portalcatolico.net\/portal\/wp-json\/wp\/v2\/posts\/69389","targetHints":{"allow":["GET"]}}],"collection":[{"href":"http:\/\/portalcatolico.net\/portal\/wp-json\/wp\/v2\/posts"}],"about":[{"href":"http:\/\/portalcatolico.net\/portal\/wp-json\/wp\/v2\/types\/post"}],"author":[{"embeddable":true,"href":"http:\/\/portalcatolico.net\/portal\/wp-json\/wp\/v2\/users\/2"}],"replies":[{"embeddable":true,"href":"http:\/\/portalcatolico.net\/portal\/wp-json\/wp\/v2\/comments?post=69389"}],"version-history":[{"count":2,"href":"http:\/\/portalcatolico.net\/portal\/wp-json\/wp\/v2\/posts\/69389\/revisions"}],"predecessor-version":[{"id":69392,"href":"http:\/\/portalcatolico.net\/portal\/wp-json\/wp\/v2\/posts\/69389\/revisions\/69392"}],"wp:featuredmedia":[{"embeddable":true,"href":"http:\/\/portalcatolico.net\/portal\/wp-json\/wp\/v2\/media\/69390"}],"wp:attachment":[{"href":"http:\/\/portalcatolico.net\/portal\/wp-json\/wp\/v2\/media?parent=69389"}],"wp:term":[{"taxonomy":"category","embeddable":true,"href":"http:\/\/portalcatolico.net\/portal\/wp-json\/wp\/v2\/categories?post=69389"},{"taxonomy":"post_tag","embeddable":true,"href":"http:\/\/portalcatolico.net\/portal\/wp-json\/wp\/v2\/tags?post=69389"}],"curies":[{"name":"wp","href":"https:\/\/api.w.org\/{rel}","templated":true}]}}