{"id":69385,"date":"2020-06-02T19:24:03","date_gmt":"2020-06-02T22:24:03","guid":{"rendered":"http:\/\/portalcatolico.net\/portal\/?p=69385"},"modified":"2020-06-02T19:24:39","modified_gmt":"2020-06-02T22:24:39","slug":"o-papa-nomeou-nuncio-apostolico-na-russia-dom-giovanni-daniello-ate-entao-nuncio-no-brasil","status":"publish","type":"post","link":"http:\/\/portalcatolico.net\/portal\/o-papa-nomeou-nuncio-apostolico-na-russia-dom-giovanni-daniello-ate-entao-nuncio-no-brasil\/","title":{"rendered":"O Papa nomeou n\u00fancio apost\u00f3lico na R\u00fassia dom Giovanni d\u2019Aniello, at\u00e9 ent\u00e3o n\u00fancio no Brasil"},"content":{"rendered":"<p>No Santu\u00e1rio Nacional de Aparecida (SP), em maio de 2014, na missa de acolhida aos novos bispos na 52\u00aa Assembleia Geral do episcopado do Brasil, inspirado no Santo Padre, o n\u00fancio apost\u00f3lico no Brasil dom Giovanni d\u2019Aniello afirmou que os bispos \u201cprecisam ser pastores com cheiro de ovelhas\u201d.&nbsp;&nbsp;Esse princ\u00edpio conduziu a presen\u00e7a do representante do Santo Padre no Brasil ao longo&nbsp;desses 8 anos, desde que foi nomeado para o Brasil em 10 de fevereiro de 2012.&nbsp;&nbsp;<\/p>\n<div id=\"attachment_239789\" class=\"wp-caption alignleft\" style=\"width: 742px;\">\n<p><a href=\"https:\/\/www.cnbb.org.br\/wp-content\/uploads\/sites\/32\/2020\/06\/Dom-Danielo-papa-Francisco.jpg\"><img loading=\"lazy\" decoding=\"async\" class=\"wp-image-239789 \" src=\"https:\/\/www.cnbb.org.br\/wp-content\/uploads\/sites\/32\/2020\/06\/Dom-Danielo-papa-Francisco-300x191.jpg\" srcset=\"https:\/\/www.cnbb.org.br\/wp-content\/uploads\/sites\/32\/2020\/06\/Dom-Danielo-papa-Francisco-300x191.jpg 300w, https:\/\/www.cnbb.org.br\/wp-content\/uploads\/sites\/32\/2020\/06\/Dom-Danielo-papa-Francisco-768x488.jpg 768w, https:\/\/www.cnbb.org.br\/wp-content\/uploads\/sites\/32\/2020\/06\/Dom-Danielo-papa-Francisco.jpg 1000w\" alt=\"\" width=\"742\" height=\"471\" aria-describedby=\"caption-attachment-239789\"><\/a><\/p>\n<p id=\"caption-attachment-239789\" class=\"wp-caption-text\">N\u00fancio no Brasil participa de expedi\u00e7\u00e3o do barco Papa Franscico, no Par\u00e1, em fevereiro.<\/p>\n<\/div>\n<p>No Brasil, dom Giovanni sempre foi uma presen\u00e7a pr\u00f3xima \u00e0s Igrejas particulares, ora visitando as dioceses para conhecer as diferentes realidades de perto, inaugurando Igrejas, semin\u00e1rios, concedendo o p\u00e1lio episcopal aos prelados. Sempre esteve acompanhado, de perto, a trajet\u00f3ria da CNBB, participando de suas reuni\u00f5es e da Assembleia Geral (AG) dos bispos do Brasil todos os anos.&nbsp;Acompanhou a Igreja,&nbsp;sem contudo&nbsp;deixar de exercer com esmero&nbsp;seu papel como diplomata junto aos governos brasileiros.&nbsp;<\/p>\n<p>O arcebispo italiano substituir\u00e1&nbsp;dom&nbsp;Celestino&nbsp;Migliore, que foi transferido para Paris.&nbsp;Dom&nbsp;d\u2019Aniello&nbsp;\u00e9 o representante diplom\u00e1tico da Santa S\u00e9 e do Papa no Brasil desde&nbsp;10 de fevereiro de 2012. Antes de vir ao Brasil, dom Giovanni exerceu a nunciatura na Tail\u00e2ndia e no Camboja e foi delegado&nbsp;apost\u00f3lico em Myanmar.&nbsp;<\/p>\n<p>Dom Giovanni tem 65 anos, nasceu em&nbsp;Aversa&nbsp;(It\u00e1lia), foi ordenado sacerdote em dezembro de 1978. \u00c9 doutor em Direito Can\u00f4nico. Ingressou no Servi\u00e7o Diplom\u00e1tico da Santa S\u00e9 em 1983, tendo desempenhado a sua atividade junto \u00e0s Representa\u00e7\u00f5es Pontif\u00edcias do Burundi, Tail\u00e2ndia, L\u00edbano, Brasil e Se\u00e7\u00e3o para as Rela\u00e7\u00f5es com os Estados da Secretaria de Estado, no Vaticano.&nbsp;Foi nomeado n\u00fancio apost\u00f3lico na Rep\u00fablica Democr\u00e1tica do Congo, em 2001, e em 2010, foi transferido para a Tail\u00e2ndia e Camboja.&nbsp;<\/p>\n<p>O&nbsp;<strong>n<\/strong><b>\u00fancio apost\u00f3lico<\/b>&nbsp;\u00e9 o representante da Santa S\u00e9 e tem status de Embaixador. O&nbsp;<b>Brasil<\/b>&nbsp;foi o primeiro pa\u00eds fora da Europa a receber um representante papal.&nbsp;O arcebispo de Belo Horizonte (MG) e presidente da Confer\u00eancia Nacional dos Bispos do Brasil, dom Walmor Oliveira de Azevedo, gravou um v\u00eddeo agradecendo a dom Giovanni pelos servi\u00e7o e tempo dedicado ao Brasil. Veja abaixo:<\/p>\n<p><iframe loading=\"lazy\"  id=\"_ytid_87045\"  width=\"480\" height=\"270\"  data-origwidth=\"480\" data-origheight=\"270\" src=\"https:\/\/www.youtube.com\/embed\/KZ4DT45JiTw?enablejsapi=1&#038;autoplay=0&#038;cc_load_policy=0&#038;cc_lang_pref=&#038;iv_load_policy=1&#038;loop=0&#038;rel=1&#038;fs=1&#038;playsinline=0&#038;autohide=2&#038;theme=dark&#038;color=red&#038;controls=1&#038;disablekb=0&#038;\" class=\"__youtube_prefs__  epyt-is-override  no-lazyload\" title=\"YouTube player\"  allow=\"fullscreen; accelerometer; autoplay; clipboard-write; encrypted-media; gyroscope; picture-in-picture; web-share\" referrerpolicy=\"strict-origin-when-cross-origin\" allowfullscreen data-no-lazy=\"1\" data-skipgform_ajax_framebjll=\"\"><\/iframe><\/p>\n<p>Fonte:CNBB<\/p>\n","protected":false},"excerpt":{"rendered":"<p>No Santu\u00e1rio Nacional de Aparecida (SP), em maio de 2014, na missa de acolhida aos novos bispos na 52\u00aa Assembleia Geral do episcopado do Brasil, inspirado no Santo Padre, o n\u00fancio apost\u00f3lico no Brasil dom Giovanni d\u2019Aniello afirmou que os bispos \u201cprecisam ser pastores com cheiro de ovelhas\u201d.&nbsp;&nbsp;Esse princ\u00edpio conduziu a presen\u00e7a do representante do&nbsp;<\/p>\n<p><a class=\"btn btn-style\" href=\"http:\/\/portalcatolico.net\/portal\/o-papa-nomeou-nuncio-apostolico-na-russia-dom-giovanni-daniello-ate-entao-nuncio-no-brasil\/\">Continue Reading<\/a><\/p>\n","protected":false},"author":2,"featured_media":69386,"comment_status":"open","ping_status":"open","sticky":false,"template":"","format":"standard","meta":{"footnotes":""},"categories":[3],"tags":[],"class_list":["post-69385","post","type-post","status-publish","format-standard","has-post-thumbnail","hentry","category-noticias_regionais"],"_links":{"self":[{"href":"http:\/\/portalcatolico.net\/portal\/wp-json\/wp\/v2\/posts\/69385","targetHints":{"allow":["GET"]}}],"collection":[{"href":"http:\/\/portalcatolico.net\/portal\/wp-json\/wp\/v2\/posts"}],"about":[{"href":"http:\/\/portalcatolico.net\/portal\/wp-json\/wp\/v2\/types\/post"}],"author":[{"embeddable":true,"href":"http:\/\/portalcatolico.net\/portal\/wp-json\/wp\/v2\/users\/2"}],"replies":[{"embeddable":true,"href":"http:\/\/portalcatolico.net\/portal\/wp-json\/wp\/v2\/comments?post=69385"}],"version-history":[{"count":2,"href":"http:\/\/portalcatolico.net\/portal\/wp-json\/wp\/v2\/posts\/69385\/revisions"}],"predecessor-version":[{"id":69388,"href":"http:\/\/portalcatolico.net\/portal\/wp-json\/wp\/v2\/posts\/69385\/revisions\/69388"}],"wp:featuredmedia":[{"embeddable":true,"href":"http:\/\/portalcatolico.net\/portal\/wp-json\/wp\/v2\/media\/69386"}],"wp:attachment":[{"href":"http:\/\/portalcatolico.net\/portal\/wp-json\/wp\/v2\/media?parent=69385"}],"wp:term":[{"taxonomy":"category","embeddable":true,"href":"http:\/\/portalcatolico.net\/portal\/wp-json\/wp\/v2\/categories?post=69385"},{"taxonomy":"post_tag","embeddable":true,"href":"http:\/\/portalcatolico.net\/portal\/wp-json\/wp\/v2\/tags?post=69385"}],"curies":[{"name":"wp","href":"https:\/\/api.w.org\/{rel}","templated":true}]}}