{"id":69061,"date":"2020-04-23T21:17:55","date_gmt":"2020-04-24T00:17:55","guid":{"rendered":"http:\/\/portalcatolico.net\/portal\/?p=69061"},"modified":"2020-04-23T21:17:55","modified_gmt":"2020-04-24T00:17:55","slug":"governo-de-santa-catarina-pede-celebracao-de-missas-com-hostias-pre-embaladas","status":"publish","type":"post","link":"http:\/\/portalcatolico.net\/portal\/governo-de-santa-catarina-pede-celebracao-de-missas-com-hostias-pre-embaladas\/","title":{"rendered":"Governo de Santa Catarina pede celebra\u00e7\u00e3o de missas com h\u00f3stias &#8220;pr\u00e9-embaladas&#8221;"},"content":{"rendered":"<p>A Arquidiocese de Florian\u00f3polis divulgou nesta ter\u00e7a-feira, dia 21 de abril, as novas orienta\u00e7\u00f5es aos cat\u00f3licos dos 30 munic\u00edpios de seu territ\u00f3rio. O documento esclareceu as d\u00favidas geradas na popula\u00e7\u00e3o ap\u00f3s a publica\u00e7\u00e3o de uma portaria do governo de Santa Catarina no dia 20 de abril autorizando a abertura das igrejas, entretanto, pede que as h\u00f3stias usadas nas missas sejam pr\u00e9-embaladas, para evitar a propaga\u00e7\u00e3o do coronav\u00edrus.<\/p>\n<p>A portaria estadual n\u00ba 254, assinada pelo governador Carlos Mois\u00e9s, determinou que \u201cnos cultos em que houver a celebra\u00e7\u00e3o de ceia, com partilha de p\u00e3o e vinho, ou celebra\u00e7\u00e3o de comunh\u00e3o, os elementos somente poder\u00e3o ser partilhados se estiverem pr\u00e9-embalados para uso pessoal\u201d. (Di\u00e1rio Oficial &#8211; SC &#8211; N\u00ba 21.251).<\/p>\n<p>A medida surpreendeu os cat\u00f3licos, posto que \u00e9 necess\u00e1rio que o presb\u00edtero toque na h\u00f3stia para a consagra\u00e7\u00e3o e n\u00e3o est\u00e1 permitido na liturgia cat\u00f3lica qualquer tipo de inv\u00f3lucro sobre as esp\u00e9cies. O tema foi um dos assuntos destacados pelo professor Felipe Nery durante a live do Instituto Borborema, realizada tamb\u00e9m no dia 20, pelo YouTube.<\/p>\n<p>\u201cO governador se tornou uma autoridade m\u00e1xima para dizer como um rito religioso deve ser realizado? Acaso quer que cada um leve de casa sua h\u00f3stia?\u201d, refletiu o professor.<\/p>\n<p>Em seu site, a Arquidiocese de Santa Catarina esclareceu que \u201cpara a comunh\u00e3o eucar\u00edstica tanto o ministro (sacerdote, di\u00e1cono ou leigo) quanto os fi\u00e9is dever\u00e3o higienizar as m\u00e3os com \u00e1lcool em gel 70% antes e depois da distribui\u00e7\u00e3o\u201d.<\/p>\n<p>O professor Felipe Nery alertou sobre o perigo das medidas dr\u00e1sticas que est\u00e3o sendo tomadas em diversos lugares do Brasil e do mundo e que acabam prejudicam a&nbsp;vida&nbsp;de f\u00e9 dos cat\u00f3licos ao proibir reuni\u00f5es para rezar ou refletir sobre a Palavra de Deus.<\/p>\n<p>\u201cEm Foz de Igua\u00e7u, foi divulgado um telefone para que fossem feitas den\u00fancias de reuni\u00f5es familiares e aglomera\u00e7\u00f5es nas casas. Foi criado um \u2018Disque Den\u00fancia\u2019 para isso\u201d.<\/p>\n<p>Felipe ensinou que \u00e9 preciso olhar esse fen\u00f4meno para poder questionar o que est\u00e1 por tr\u00e1s de todas essas coisas e citou o caso da Gr\u00e9cia.<\/p>\n<p>\u201cNa Gr\u00e9cia, os sinos foram proibidos de tocar para que a popula\u00e7\u00e3o n\u00e3o tenha vontade de ir \u00e0&nbsp;missa. Al\u00e9m disso, a costumeira sauda\u00e7\u00e3o pascal dos ortodoxos tamb\u00e9m n\u00e3o pode mais ser feita. Atualmente, os gregos precisam avisar quando querem sair de casa, informando aonde v\u00e3o. Se uma pessoa for pega na rua sem ter agendado a sa\u00edda ou sem ter uma carta comprovando que trabalha num servi\u00e7o essencial ser\u00e1 multada em 150 euros\u201d.<\/p>\n<p>Para o professor Felipe Nery, o coronav\u00edrus est\u00e1 sendo utilizado para justificar este tipo a\u00e7\u00f5es contr\u00e1rias ao direito de culto.<\/p>\n<p>\u201c\u00c9 preciso parar um pouco e refletir. Est\u00e3o sendo tomadas medidas de controle de comportamento. Est\u00e1 sendo observada a forma como a popula\u00e7\u00e3o reage diante de cada determina\u00e7\u00e3o ordenada, \u00e9 um grande experimento social. O que est\u00e1 valendo n\u00e3o s\u00e3o verdades, mas o consenso da maioria. Verdades est\u00e3o sendo relativizadas, em nome da toler\u00e2ncia universal\u201d, observou.&nbsp;<\/p>\n<p>Confira as orienta\u00e7\u00f5es da Arquidiocese de Florian\u00f3polis:<\/p>\n<p><a href=\"https:\/\/arquifln.org.br\/noticias\/arquidiocese-lanca-novas-orientacoes-sobre-abertura-das-igrejas\/\">https:\/\/arquifln.org.br\/noticias\/arquidiocese-lanca-novas-orientacoes-sobre-abertura-das-igrejas\/<\/a><\/p>\n<p>H\u00f3stias. Foto: Pixabay \/ dom\u00ednio p\u00fablico<\/p>\n<p>Por:Cl\u00e1udia Brito de Albuquerque e S\u00e1\/ACI<\/p>\n","protected":false},"excerpt":{"rendered":"<p>A Arquidiocese de Florian\u00f3polis divulgou nesta ter\u00e7a-feira, dia 21 de abril, as novas orienta\u00e7\u00f5es aos cat\u00f3licos dos 30 munic\u00edpios de seu territ\u00f3rio. O documento esclareceu as d\u00favidas geradas na popula\u00e7\u00e3o ap\u00f3s a publica\u00e7\u00e3o de uma portaria do governo de Santa Catarina no dia 20 de abril autorizando a abertura das igrejas, entretanto, pede que as&nbsp;<\/p>\n<p><a class=\"btn btn-style\" href=\"http:\/\/portalcatolico.net\/portal\/governo-de-santa-catarina-pede-celebracao-de-missas-com-hostias-pre-embaladas\/\">Continue Reading<\/a><\/p>\n","protected":false},"author":2,"featured_media":69062,"comment_status":"open","ping_status":"open","sticky":false,"template":"","format":"standard","meta":{"footnotes":""},"categories":[3],"tags":[],"class_list":["post-69061","post","type-post","status-publish","format-standard","has-post-thumbnail","hentry","category-noticias_regionais"],"_links":{"self":[{"href":"http:\/\/portalcatolico.net\/portal\/wp-json\/wp\/v2\/posts\/69061","targetHints":{"allow":["GET"]}}],"collection":[{"href":"http:\/\/portalcatolico.net\/portal\/wp-json\/wp\/v2\/posts"}],"about":[{"href":"http:\/\/portalcatolico.net\/portal\/wp-json\/wp\/v2\/types\/post"}],"author":[{"embeddable":true,"href":"http:\/\/portalcatolico.net\/portal\/wp-json\/wp\/v2\/users\/2"}],"replies":[{"embeddable":true,"href":"http:\/\/portalcatolico.net\/portal\/wp-json\/wp\/v2\/comments?post=69061"}],"version-history":[{"count":1,"href":"http:\/\/portalcatolico.net\/portal\/wp-json\/wp\/v2\/posts\/69061\/revisions"}],"predecessor-version":[{"id":69063,"href":"http:\/\/portalcatolico.net\/portal\/wp-json\/wp\/v2\/posts\/69061\/revisions\/69063"}],"wp:featuredmedia":[{"embeddable":true,"href":"http:\/\/portalcatolico.net\/portal\/wp-json\/wp\/v2\/media\/69062"}],"wp:attachment":[{"href":"http:\/\/portalcatolico.net\/portal\/wp-json\/wp\/v2\/media?parent=69061"}],"wp:term":[{"taxonomy":"category","embeddable":true,"href":"http:\/\/portalcatolico.net\/portal\/wp-json\/wp\/v2\/categories?post=69061"},{"taxonomy":"post_tag","embeddable":true,"href":"http:\/\/portalcatolico.net\/portal\/wp-json\/wp\/v2\/tags?post=69061"}],"curies":[{"name":"wp","href":"https:\/\/api.w.org\/{rel}","templated":true}]}}