{"id":69055,"date":"2020-04-23T21:00:50","date_gmt":"2020-04-24T00:00:50","guid":{"rendered":"http:\/\/portalcatolico.net\/portal\/?p=69055"},"modified":"2020-04-23T21:00:50","modified_gmt":"2020-04-24T00:00:50","slug":"covid-19-bispos-e-sacerdotes-da-espanha-doam-parte-do-salario-a-quem-mais-precisa","status":"publish","type":"post","link":"http:\/\/portalcatolico.net\/portal\/covid-19-bispos-e-sacerdotes-da-espanha-doam-parte-do-salario-a-quem-mais-precisa\/","title":{"rendered":"Covid-19: bispos e sacerdotes da Espanha doam parte do sal\u00e1rio a quem mais precisa"},"content":{"rendered":"<div class=\"article__subTitle\">O convite da Comiss\u00e3o Executiva da Confer\u00eancia Episcopal \u00e9 para doar uma parte do sal\u00e1rio ou destinar uma quantia fixa durante um tempo determinado para ajudar quem mais sofre com a crise que ser\u00e1 agravada pela emerg\u00eancia do Covid-19. A pr\u00f3pria economia das dioceses e das par\u00f3quias, afetada pelo fechamento das igrejas e interrup\u00e7\u00e3o das coletas, poder\u00e1 ser beneficiada com a iniciativa.<\/div>\n<div>&nbsp;<\/div>\n<div class=\"title__separator\">A Comiss\u00e3o Executiva da Confer\u00eancia Episcopal da Espanha enviou uma carta a todos os bispos e sacerdotes do pa\u00eds no dia da Festa da Divina Miseric\u00f3rdia, no domingo (19), exortando a generosidade econ\u00f4mica diante da pandemia. No texto, o convite para doar uma parte do sal\u00e1rio ou destinar uma quantia fixa durante um tempo determinado para ajudar quem mais sofre com a crise que ser\u00e1 agravada pela emerg\u00eancia do Covid-19.<\/div>\n<div>&nbsp;<\/div>\n<div class=\"article__text\">\n<p>Na carta, que explica sobre as consequ\u00eancias sanit\u00e1rias, sociais e econ\u00f4micas da crise, os bispos observam que todos vivem \u201cum desafio pastoral que refor\u00e7a o significado da Igreja dom\u00e9stica e da criatividade pastoral\u201d. De fato, a comunidade cat\u00f3lica tem respondido com generosidade, em especial, atrav\u00e9s da a\u00e7\u00e3o das Caritas paroquiais e diocesanas, da presen\u00e7a da vida consagrada nas casas de idosos e de servi\u00e7os sociais, al\u00e9m de outras iniciativas das institui\u00e7\u00f5es e organiza\u00e7\u00f5es eclesiais.<\/p>\n<div class=\"article__text\">\n<p>Os bispos da Comiss\u00e3o Executiva do episcopado insistem, ent\u00e3o, na necessidade de convocar a corresponsabilidade de todos pela conserva\u00e7\u00e3o da Igreja, pela solidariedade com os pobres e por quem mais vai sofrer com a crise econ\u00f4mica por causa da paralisa\u00e7\u00e3o das atividades comerciais e de trabalho. \u201cAcreditamos que ir para a pra\u00e7a p\u00fablica solicitando essa corresponsabilidade e ajuda pede de n\u00f3s, bispos e presb\u00edteros, um passo a frente de generosidade\u201d, diz a carta.<\/p>\n<p><strong>O apoio \u00e0s Igrejas locais<\/strong><\/p>\n<p>O texto tamb\u00e9m adverte que a economia das dioceses e das par\u00f3quias foi afetada pelo fechamento dos templos e pela interrup\u00e7\u00e3o das coletas e de outras entradas financeiras. Nesse sentido, os bispos alertam que se prev\u00ea, para o futuro, uma diminui\u00e7\u00e3o das entradas di\u00e1rias habituais.<\/p>\n<p>A Comiss\u00e3o Episcopal tamb\u00e9m lembra que, al\u00e9m da contribui\u00e7\u00e3o pessoal, os bispos e sacerdotes podem convocar os fi\u00e9is que t\u00eam condi\u00e7\u00f5es a abra\u00e7ar essa iniciativa, como acontecia com as primeiras comunidades crist\u00e3s: \u201cos crentes vendiam posses e bens e repartiam entre todos, segundo a necessidade de cada um\u201d. Por: Andressa Collet\/Vatican News<\/p>\n<\/div>\n<\/div>\n","protected":false},"excerpt":{"rendered":"<p>O convite da Comiss\u00e3o Executiva da Confer\u00eancia Episcopal \u00e9 para doar uma parte do sal\u00e1rio ou destinar uma quantia fixa durante um tempo determinado para ajudar quem mais sofre com a crise que ser\u00e1 agravada pela emerg\u00eancia do Covid-19. A pr\u00f3pria economia das dioceses e das par\u00f3quias, afetada pelo fechamento das igrejas e interrup\u00e7\u00e3o das&nbsp;<\/p>\n<p><a class=\"btn btn-style\" href=\"http:\/\/portalcatolico.net\/portal\/covid-19-bispos-e-sacerdotes-da-espanha-doam-parte-do-salario-a-quem-mais-precisa\/\">Continue Reading<\/a><\/p>\n","protected":false},"author":2,"featured_media":69056,"comment_status":"open","ping_status":"open","sticky":false,"template":"","format":"standard","meta":{"footnotes":""},"categories":[5],"tags":[],"class_list":["post-69055","post","type-post","status-publish","format-standard","has-post-thumbnail","hentry","category-igreja_no_mundo"],"_links":{"self":[{"href":"http:\/\/portalcatolico.net\/portal\/wp-json\/wp\/v2\/posts\/69055","targetHints":{"allow":["GET"]}}],"collection":[{"href":"http:\/\/portalcatolico.net\/portal\/wp-json\/wp\/v2\/posts"}],"about":[{"href":"http:\/\/portalcatolico.net\/portal\/wp-json\/wp\/v2\/types\/post"}],"author":[{"embeddable":true,"href":"http:\/\/portalcatolico.net\/portal\/wp-json\/wp\/v2\/users\/2"}],"replies":[{"embeddable":true,"href":"http:\/\/portalcatolico.net\/portal\/wp-json\/wp\/v2\/comments?post=69055"}],"version-history":[{"count":1,"href":"http:\/\/portalcatolico.net\/portal\/wp-json\/wp\/v2\/posts\/69055\/revisions"}],"predecessor-version":[{"id":69057,"href":"http:\/\/portalcatolico.net\/portal\/wp-json\/wp\/v2\/posts\/69055\/revisions\/69057"}],"wp:featuredmedia":[{"embeddable":true,"href":"http:\/\/portalcatolico.net\/portal\/wp-json\/wp\/v2\/media\/69056"}],"wp:attachment":[{"href":"http:\/\/portalcatolico.net\/portal\/wp-json\/wp\/v2\/media?parent=69055"}],"wp:term":[{"taxonomy":"category","embeddable":true,"href":"http:\/\/portalcatolico.net\/portal\/wp-json\/wp\/v2\/categories?post=69055"},{"taxonomy":"post_tag","embeddable":true,"href":"http:\/\/portalcatolico.net\/portal\/wp-json\/wp\/v2\/tags?post=69055"}],"curies":[{"name":"wp","href":"https:\/\/api.w.org\/{rel}","templated":true}]}}